{"id":25665,"date":"2019-04-03T15:14:46","date_gmt":"2019-04-03T19:14:46","guid":{"rendered":"https:\/\/linitiative.ca\/International\/pros-rennes-le-but-de-bensebaini-qui-offre-la-qualif-pour-la-finale-de-coupe-de-france-video\/"},"modified":"2019-04-03T15:14:46","modified_gmt":"2019-04-03T19:14:46","slug":"pros-rennes-le-but-de-bensebaini-qui-offre-la-qualif-pour-la-finale-de-coupe-de-france-video","status":"publish","type":"post","link":"https:\/\/linitiative.ca\/International\/pros-rennes-le-but-de-bensebaini-qui-offre-la-qualif-pour-la-finale-de-coupe-de-france-video\/","title":{"rendered":"Pros : Rennes : Le but de Bensebaini qui offre la qualif pour la finale de Coupe de France (Vid\u00e9o)"},"content":{"rendered":"<div readability=\"32\">\n<p>Auteur : <span class=\"time\">mercredi 03 avril 2019 12:59<\/span><\/p>\n<\/div>\n<div id=\"post_core\" readability=\"44\">\n<p>En effet, Zeffane et ses co\u00e9quipiers se sont qualifi\u00e9s pour la finale de la Coupe de France en s\u2019imposant 3-2 face \u00e0 Lyon ce mardi soir. De retour au poste de lat\u00e9ral gauche, Ramy Bensebaini aura \u00e9t\u00e9 tr\u00e8s bon. Certes, il n\u2019est pas exempt de tout reproche sur la premi\u00e8re \u00e9galisation lyonnaise, mais l\u2019ancien Montpelli\u00e9rain a pour le reste \u00e9t\u00e9 excellent. Solide, il n\u2019a pas h\u00e9sit\u00e9 \u00e0 se projeter r\u00e9guli\u00e8rement vers l\u2019avant. Et sur une ultime mont\u00e9e, il a inscrit le but de la qualification rennaise, d\u2019une belle frappe \u00e0 l\u2019entr\u00e9e de la surface :<\/p>\n<p><iframe loading=\"lazy\" allow=\"accelerometer; autoplay; encrypted-media; gyroscope; picture-in-picture\" allowfullscreen=\"\" frameborder=\"0\" height=\"315\" src=\"https:\/\/www.youtube.com\/embed\/7vN3QcQT8sY\" width=\"560\">[embedded content]<\/iframe><\/p>\n<p><strong>Publi\u00e9 dans :<\/strong> <span>Bensebaini<\/span><\/p>\n<\/div>\n<p>Auteur:<br \/>\n<a href=\"http:\/\/www.lebuteur.com\/article\/detail?titre=rennes-le-but-de-bensebaini-qui-offre-la-qualif-pour-la-finale-de-coupe-de-france-video&#038;id=87689&#038;utm_source=feedburner&#038;utm_medium=feed&#038;utm_campaign=Feed%3A+GalerieFArtciles+%28Les+derniers+articles++-+lebuteur.com%29\">Cliquez ici pour lire l&rsquo;article depuis sa source.<\/a><\/p>\n","protected":false},"excerpt":{"rendered":"<p>Auteur : mercredi 03 avril 2019 12:59 En effet, Zeffane et ses co\u00e9quipiers se sont qualifi\u00e9s pour la finale de la Coupe de France en s\u2019imposant 3-2 face \u00e0 Lyon ce mardi soir. De retour au poste de lat\u00e9ral gauche, Ramy Bensebaini aura \u00e9t\u00e9 tr\u00e8s bon. Certes, il n\u2019est pas exempt de tout reproche sur [&hellip;]<\/p>\n","protected":false},"author":1738,"featured_media":25666,"comment_status":"closed","ping_status":"closed","sticky":false,"template":"","format":"standard","meta":{"fifu_image_url":"","fifu_image_alt":"","footnotes":""},"categories":[53,75],"tags":[],"class_list":["post-25665","post","type-post","status-publish","format-standard","has-post-thumbnail","hentry","category-algerie","category-sport"],"_links":{"self":[{"href":"https:\/\/linitiative.ca\/International\/wp-json\/wp\/v2\/posts\/25665","targetHints":{"allow":["GET"]}}],"collection":[{"href":"https:\/\/linitiative.ca\/International\/wp-json\/wp\/v2\/posts"}],"about":[{"href":"https:\/\/linitiative.ca\/International\/wp-json\/wp\/v2\/types\/post"}],"author":[{"embeddable":true,"href":"https:\/\/linitiative.ca\/International\/wp-json\/wp\/v2\/users\/1738"}],"replies":[{"embeddable":true,"href":"https:\/\/linitiative.ca\/International\/wp-json\/wp\/v2\/comments?post=25665"}],"version-history":[{"count":0,"href":"https:\/\/linitiative.ca\/International\/wp-json\/wp\/v2\/posts\/25665\/revisions"}],"wp:featuredmedia":[{"embeddable":true,"href":"https:\/\/linitiative.ca\/International\/wp-json\/"}],"wp:attachment":[{"href":"https:\/\/linitiative.ca\/International\/wp-json\/wp\/v2\/media?parent=25665"}],"wp:term":[{"taxonomy":"category","embeddable":true,"href":"https:\/\/linitiative.ca\/International\/wp-json\/wp\/v2\/categories?post=25665"},{"taxonomy":"post_tag","embeddable":true,"href":"https:\/\/linitiative.ca\/International\/wp-json\/wp\/v2\/tags?post=25665"}],"curies":[{"name":"wp","href":"https:\/\/api.w.org\/{rel}","templated":true}]}}