{"id":25667,"date":"2019-04-03T15:14:47","date_gmt":"2019-04-03T19:14:47","guid":{"rendered":"https:\/\/linitiative.ca\/International\/pros-bounedjah-le-titre-du-championnat-est-plus-important-pour-moi-que-le-trophee-du-meilleur-buteur\/"},"modified":"2019-04-03T15:14:47","modified_gmt":"2019-04-03T19:14:47","slug":"pros-bounedjah-le-titre-du-championnat-est-plus-important-pour-moi-que-le-trophee-du-meilleur-buteur","status":"publish","type":"post","link":"https:\/\/linitiative.ca\/International\/pros-bounedjah-le-titre-du-championnat-est-plus-important-pour-moi-que-le-trophee-du-meilleur-buteur\/","title":{"rendered":"Pros : Bounedjah : \u00abLe titre du championnat est plus important pour moi que le troph\u00e9e du meilleur buteur\u00bb"},"content":{"rendered":"<div readability=\"32\">\n<p>Auteur : <span>Riad O.<\/span> <span class=\"time\">mercredi 03 avril 2019 15:29<\/span><\/p>\n<\/div>\n<div id=\"post_core\" readability=\"42\">\n<p>L\u2019attaquant Alg\u00e9rien d\u2019Al Sadd, Baghdad Bounedjah a d\u00e9clar\u00e9 qu\u2019il pr\u00e9f\u00e8re remporter le titre de championnat du Qatar, au lieu du troph\u00e9e du meilleur buteur de la saison\u00a0:\u00a0\u00abDieu merci, je suis content de mes performances avec Al Sadd. J\u2019ai r\u00e9ussi \u00e0 marquer beaucoup de buts et j\u2019esp\u00e8re terminer la saison sur cette m\u00eame lanc\u00e9e que se soit en championnat ou bien en Ligue des champions Asiatique.\u00bb a-t-il d\u00e9clar\u00e9 au m\u00e9dia, Raya, avant d\u2019ajouter\u00a0:\u00a0\u00abSi j\u2019ai marqu\u00e9 beaucoup de buts, c\u2019est aussi gr\u00e2ce \u00e0 mes co\u00e9quipiers qui m\u2019ont beaucoup aid\u00e9. Apr\u00e8s, il faut reconnaitre que le titre du championnat est plus important pour moi que le troph\u00e9e du meilleur buteur.\u00bb<\/p>\n<p><strong>Publi\u00e9 dans :<\/strong> <span>Bounedjah<\/span><\/p>\n<\/div>\n<p>Auteur:<br \/>\n<a href=\"http:\/\/www.lebuteur.com\/article\/detail?titre=bounedjah-le-titre-du-championnat-est-plus-important-pour-moi-que-le-trophee-du-meilleur-buteur&#038;id=87690&#038;utm_source=feedburner&#038;utm_medium=feed&#038;utm_campaign=Feed%3A+GalerieFArtciles+%28Les+derniers+articles++-+lebuteur.com%29\">Cliquez ici pour lire l&rsquo;article depuis sa source.<\/a><\/p>\n","protected":false},"excerpt":{"rendered":"<p>Auteur : Riad O. mercredi 03 avril 2019 15:29 L\u2019attaquant Alg\u00e9rien d\u2019Al Sadd, Baghdad Bounedjah a d\u00e9clar\u00e9 qu\u2019il pr\u00e9f\u00e8re remporter le titre de championnat du Qatar, au lieu du troph\u00e9e du meilleur buteur de la saison\u00a0:\u00a0\u00abDieu merci, je suis content de mes performances avec Al Sadd. J\u2019ai r\u00e9ussi \u00e0 marquer beaucoup de buts et j\u2019esp\u00e8re [&hellip;]<\/p>\n","protected":false},"author":1738,"featured_media":25668,"comment_status":"closed","ping_status":"closed","sticky":false,"template":"","format":"standard","meta":{"fifu_image_url":"","fifu_image_alt":"","footnotes":""},"categories":[53,75],"tags":[],"class_list":["post-25667","post","type-post","status-publish","format-standard","has-post-thumbnail","hentry","category-algerie","category-sport"],"_links":{"self":[{"href":"https:\/\/linitiative.ca\/International\/wp-json\/wp\/v2\/posts\/25667","targetHints":{"allow":["GET"]}}],"collection":[{"href":"https:\/\/linitiative.ca\/International\/wp-json\/wp\/v2\/posts"}],"about":[{"href":"https:\/\/linitiative.ca\/International\/wp-json\/wp\/v2\/types\/post"}],"author":[{"embeddable":true,"href":"https:\/\/linitiative.ca\/International\/wp-json\/wp\/v2\/users\/1738"}],"replies":[{"embeddable":true,"href":"https:\/\/linitiative.ca\/International\/wp-json\/wp\/v2\/comments?post=25667"}],"version-history":[{"count":0,"href":"https:\/\/linitiative.ca\/International\/wp-json\/wp\/v2\/posts\/25667\/revisions"}],"wp:featuredmedia":[{"embeddable":true,"href":"https:\/\/linitiative.ca\/International\/wp-json\/"}],"wp:attachment":[{"href":"https:\/\/linitiative.ca\/International\/wp-json\/wp\/v2\/media?parent=25667"}],"wp:term":[{"taxonomy":"category","embeddable":true,"href":"https:\/\/linitiative.ca\/International\/wp-json\/wp\/v2\/categories?post=25667"},{"taxonomy":"post_tag","embeddable":true,"href":"https:\/\/linitiative.ca\/International\/wp-json\/wp\/v2\/tags?post=25667"}],"curies":[{"name":"wp","href":"https:\/\/api.w.org\/{rel}","templated":true}]}}