{"id":25673,"date":"2019-04-03T15:14:51","date_gmt":"2019-04-03T19:14:51","guid":{"rendered":"https:\/\/linitiative.ca\/International\/international-pele-hospitalise-a-paris\/"},"modified":"2019-04-03T15:14:51","modified_gmt":"2019-04-03T19:14:51","slug":"international-pele-hospitalise-a-paris","status":"publish","type":"post","link":"https:\/\/linitiative.ca\/International\/international-pele-hospitalise-a-paris\/","title":{"rendered":"International : Pel\u00e9 hospitalis\u00e9 \u00e0 Paris"},"content":{"rendered":"<div readability=\"32\">\n<p>Auteur : <span class=\"time\">mercredi 03 avril 2019 18:34<\/span><\/p>\n<\/div>\n<div id=\"post_core\" readability=\"41\">\n<p>Pr\u00e9sent \u00e0 Paris pour rencontrer Kylian Mbapp\u00e9 mardi, dans le cadre d&rsquo;une op\u00e9ration promotionnelle, Pel\u00e9 a \u00e9t\u00e9 hospitalis\u00e9 dans la nuit de mardi \u00e0 mercredi, selon RMC Sport. Pris d&rsquo;une crise de t\u00e9tanie et de fi\u00e8vre durant la nuit, l&rsquo;ancien attaquant br\u00e9silien, \u00e2g\u00e9 de 78 ans, a \u00e9t\u00e9 transport\u00e9 depuis son h\u00f4tel du VIIe arrondissement dans un h\u00f4pital parisien par mesure de pr\u00e9caution. Ses jours ne sont pas en danger rapporte Maxifoot.fr.<\/p>\n<p><strong>Publi\u00e9 dans :<\/strong> <span>Pel\u00e9<\/span><\/p>\n<\/div>\n<p>Auteur:<br \/>\n<a href=\"http:\/\/www.lebuteur.com\/article\/detail?titre=pele-hospitalise-a-paris&#038;id=87693&#038;utm_source=feedburner&#038;utm_medium=feed&#038;utm_campaign=Feed%3A+GalerieFArtciles+%28Les+derniers+articles++-+lebuteur.com%29\">Cliquez ici pour lire l&rsquo;article depuis sa source.<\/a><\/p>\n","protected":false},"excerpt":{"rendered":"<p>Auteur : mercredi 03 avril 2019 18:34 Pr\u00e9sent \u00e0 Paris pour rencontrer Kylian Mbapp\u00e9 mardi, dans le cadre d&rsquo;une op\u00e9ration promotionnelle, Pel\u00e9 a \u00e9t\u00e9 hospitalis\u00e9 dans la nuit de mardi \u00e0 mercredi, selon RMC Sport. Pris d&rsquo;une crise de t\u00e9tanie et de fi\u00e8vre durant la nuit, l&rsquo;ancien attaquant br\u00e9silien, \u00e2g\u00e9 de 78 ans, a \u00e9t\u00e9 [&hellip;]<\/p>\n","protected":false},"author":1738,"featured_media":25674,"comment_status":"closed","ping_status":"closed","sticky":false,"template":"","format":"standard","meta":{"fifu_image_url":"","fifu_image_alt":"","footnotes":""},"categories":[53,75],"tags":[],"class_list":["post-25673","post","type-post","status-publish","format-standard","has-post-thumbnail","hentry","category-algerie","category-sport"],"_links":{"self":[{"href":"https:\/\/linitiative.ca\/International\/wp-json\/wp\/v2\/posts\/25673","targetHints":{"allow":["GET"]}}],"collection":[{"href":"https:\/\/linitiative.ca\/International\/wp-json\/wp\/v2\/posts"}],"about":[{"href":"https:\/\/linitiative.ca\/International\/wp-json\/wp\/v2\/types\/post"}],"author":[{"embeddable":true,"href":"https:\/\/linitiative.ca\/International\/wp-json\/wp\/v2\/users\/1738"}],"replies":[{"embeddable":true,"href":"https:\/\/linitiative.ca\/International\/wp-json\/wp\/v2\/comments?post=25673"}],"version-history":[{"count":0,"href":"https:\/\/linitiative.ca\/International\/wp-json\/wp\/v2\/posts\/25673\/revisions"}],"wp:featuredmedia":[{"embeddable":true,"href":"https:\/\/linitiative.ca\/International\/wp-json\/"}],"wp:attachment":[{"href":"https:\/\/linitiative.ca\/International\/wp-json\/wp\/v2\/media?parent=25673"}],"wp:term":[{"taxonomy":"category","embeddable":true,"href":"https:\/\/linitiative.ca\/International\/wp-json\/wp\/v2\/categories?post=25673"},{"taxonomy":"post_tag","embeddable":true,"href":"https:\/\/linitiative.ca\/International\/wp-json\/wp\/v2\/tags?post=25673"}],"curies":[{"name":"wp","href":"https:\/\/api.w.org\/{rel}","templated":true}]}}