{"id":25698,"date":"2019-04-03T13:27:00","date_gmt":"2019-04-03T17:27:00","guid":{"rendered":"https:\/\/linitiative.ca\/International\/conseil-constitutionnel-enterine-la-demission-de-bouteflika-le-parlement-se-reunira-dimanche-prochain\/"},"modified":"2019-04-03T13:27:00","modified_gmt":"2019-04-03T17:27:00","slug":"conseil-constitutionnel-enterine-la-demission-de-bouteflika-le-parlement-se-reunira-dimanche-prochain","status":"publish","type":"post","link":"https:\/\/linitiative.ca\/International\/conseil-constitutionnel-enterine-la-demission-de-bouteflika-le-parlement-se-reunira-dimanche-prochain\/","title":{"rendered":"CONSEIL CONSTITUTIONNEL ENTERINE LA DEMISSION DE BOUTEFLIKA : Le parlement se r\u00e9unira dimanche prochain"},"content":{"rendered":"<p><br id=\"sep_para_1\" class=\"sep_para access\"\/><\/p>\n<div id=\"para_1\" class=\"para_30114241 resize\">\n<div class=\"texte access firstletter\">Le Conseil \u00ab\u00a0informe aujourd&rsquo;hui le Parlement de la d\u00e9claration de constat de vacance d\u00e9finitive de la pr\u00e9sidence de la R\u00e9publique, conform\u00e9ment \u00e0 l&rsquo;article 102 alin\u00e9a 5 de la Constitution\u00a0\u00bb, ajoute la t\u00e9l\u00e9vision dans son bandeau. Aucune date n&rsquo;a \u00e9t\u00e9 annonc\u00e9e pour la r\u00e9union des deux chambres du Parlement, l&rsquo;Assembl\u00e9e populaire nationale (APN, chambre basse) et le Conseil de la Nation, prochaine \u00e9tape pr\u00e9vue par la Constitution. C&rsquo;est le pr\u00e9sident du Conseil de la Nation, Abdelkader Bensalah, 77 ans, qui est charg\u00e9 par la Constitution d&rsquo;assurer l&rsquo;int\u00e9rim pendant trois mois. Cible depuis le 22 f\u00e9vrier d&rsquo;une contestation in\u00e9dite, Abdelaziz Bouteflika, 82 ans dont 20 ann\u00e9es \u00e0 la t\u00eate de l&rsquo;Alg\u00e9rie, a remis mardi soir sa lettre de d\u00e9mission au pr\u00e9sident du Conseil constitutionnel Tayeb Belaiz, en pr\u00e9sence de M. Bensalah. Ce dernier a d\u00e9sormais 90 jours maximum pour organiser une \u00e9lection pr\u00e9sidentielle \u00e0 deux tours et remettre le pouvoir au nouveau chef de l&rsquo;Etat \u00e9lu lors de ce scrutin auquel, en tant que pr\u00e9sident par int\u00e9rim, il ne peut se pr\u00e9senter. Les manifestants, qui r\u00e9clament en masse depuis plus d&rsquo;un mois le d\u00e9part de M. Bouteflika mais aussi celui de son entourage et du \u00ab\u00a0syst\u00e8me\u00a0\u00bb au pouvoir, ont d\u00e9j\u00e0 fait savoir ces derni\u00e8res semaines leur rejet par avance du processus d&rsquo;int\u00e9rim constitutionnel, qui maintient en place les hommes-cl\u00e9s du \u00ab\u00a0syst\u00e8me\u00a0\u00bb. En effet, suite \u00e0 la d\u00e9mission du Pr\u00e9sident Abdelaziz Bouteflika, c\u2019est le pr\u00e9sident du Conseil de la nation, Abdelkader Bensalah ou le pr\u00e9sident du Conseil constitutionnel, Tayeb Belaiz, qui assureront l\u2019int\u00e9rim, selon les dispositions de l\u2019article 102 de la Constitution. L\u2019 article en question stipule dans son alin\u00e9a 4 : \u00abEn cas de d\u00e9mission ou de d\u00e9c\u00e8s du Pr\u00e9sident de la R\u00e9publique, le Conseil constitutionnel se r\u00e9unit de plein droit et constate la vacance d\u00e9finitive de la Pr\u00e9sidence de la R\u00e9publique. Il communique imm\u00e9diatement l\u2019acte de d\u00e9claration de vacance d\u00e9finitive au Parlement qui se r\u00e9unit de plein droit. Le Pr\u00e9sident du Conseil de la Nation assume la charge de Chef de l\u2019Etat pour une dur\u00e9e de quatre-vingt-dix (90) jours au maximum, au cours de laquelle des \u00e9lections pr\u00e9sidentielles sont organis\u00e9es\u00bb. Comme Bensalah ne fait pas l\u2019unanimit\u00e9, il pourrait \u00eatre amen\u00e9 \u00e0 d\u00e9missionner. Dans ce cas de figure, le m\u00eame article 102 ajoute : \u00abEn cas de conjonction de la d\u00e9mission ou du d\u00e9c\u00e8s du Pr\u00e9sident de la R\u00e9publique et de la vacance de la Pr\u00e9sidence du Conseil de la Nation, pour quelque cause que ce soit, le Conseil constitutionnel se r\u00e9unit de plein droit et constate \u00e0 l\u2019unanimit\u00e9 la vacance d\u00e9finitive de la Pr\u00e9sidence de la R\u00e9publique et l\u2019emp\u00eachement du Pr\u00e9sident du Conseil de la Nation. Dans ce cas, le Pr\u00e9sident du Conseil constitutionnel assume la charge de Chef de l\u2019Etat.<\/div>\n<\/div>\n<p>Auteur: Ismain<br \/>\n<a href=\"https:\/\/www.reflexiondz.net\/CONSEIL-CONSTITUTIONNEL-ENTERINE-LA-DEMISSION-DE-BOUTEFLIKA-Le-parlement-se-reunira-dimanche-prochain_a55240.html\">Cliquez ici pour lire l&rsquo;article depuis sa source.<\/a><\/p>\n","protected":false},"excerpt":{"rendered":"<p>Le Conseil \u00ab\u00a0informe aujourd&rsquo;hui le Parlement de la d\u00e9claration de constat de vacance d\u00e9finitive de la pr\u00e9sidence de la R\u00e9publique, conform\u00e9ment \u00e0 l&rsquo;article 102 alin\u00e9a 5 de la Constitution\u00a0\u00bb, ajoute la t\u00e9l\u00e9vision dans son bandeau. Aucune date n&rsquo;a \u00e9t\u00e9 annonc\u00e9e pour la r\u00e9union des deux chambres du Parlement, l&rsquo;Assembl\u00e9e populaire nationale (APN, chambre basse) et [&hellip;]<\/p>\n","protected":false},"author":1740,"featured_media":0,"comment_status":"closed","ping_status":"closed","sticky":false,"template":"","format":"standard","meta":{"fifu_image_url":"","fifu_image_alt":"","footnotes":""},"categories":[53,76],"tags":[],"class_list":["post-25698","post","type-post","status-publish","format-standard","hentry","category-algerie","category-regions"],"_links":{"self":[{"href":"https:\/\/linitiative.ca\/International\/wp-json\/wp\/v2\/posts\/25698","targetHints":{"allow":["GET"]}}],"collection":[{"href":"https:\/\/linitiative.ca\/International\/wp-json\/wp\/v2\/posts"}],"about":[{"href":"https:\/\/linitiative.ca\/International\/wp-json\/wp\/v2\/types\/post"}],"author":[{"embeddable":true,"href":"https:\/\/linitiative.ca\/International\/wp-json\/wp\/v2\/users\/1740"}],"replies":[{"embeddable":true,"href":"https:\/\/linitiative.ca\/International\/wp-json\/wp\/v2\/comments?post=25698"}],"version-history":[{"count":0,"href":"https:\/\/linitiative.ca\/International\/wp-json\/wp\/v2\/posts\/25698\/revisions"}],"wp:attachment":[{"href":"https:\/\/linitiative.ca\/International\/wp-json\/wp\/v2\/media?parent=25698"}],"wp:term":[{"taxonomy":"category","embeddable":true,"href":"https:\/\/linitiative.ca\/International\/wp-json\/wp\/v2\/categories?post=25698"},{"taxonomy":"post_tag","embeddable":true,"href":"https:\/\/linitiative.ca\/International\/wp-json\/wp\/v2\/tags?post=25698"}],"curies":[{"name":"wp","href":"https:\/\/api.w.org\/{rel}","templated":true}]}}