{"id":25699,"date":"2019-04-03T13:27:00","date_gmt":"2019-04-03T17:27:00","guid":{"rendered":"https:\/\/linitiative.ca\/International\/accidents-de-la-circulation-a-mascara-70-blesses-au-mois-de-mars\/"},"modified":"2019-04-03T13:27:00","modified_gmt":"2019-04-03T17:27:00","slug":"accidents-de-la-circulation-a-mascara-70-blesses-au-mois-de-mars","status":"publish","type":"post","link":"https:\/\/linitiative.ca\/International\/accidents-de-la-circulation-a-mascara-70-blesses-au-mois-de-mars\/","title":{"rendered":"ACCIDENTS DE LA CIRCULATION A MASCARA : 70 bless\u00e9s au mois de mars"},"content":{"rendered":"<p><br id=\"sep_para_1\" class=\"sep_para access\"\/><\/p>\n<div id=\"para_1\" class=\"para_30114152 resize\">\n<div class=\"texte access firstletter\">Le service de wilaya de la s\u00e9curit\u00e9 publique relevant de la s\u00fbret\u00e9 de wilaya de Mascara a enregistr\u00e9 durant le mois de mars 2019 dernier 61 accidents corporels de la circulation sur le tissu urbain ayant caus\u00e9 des blessures plus ou moins graves \u00e0 70 personnes, ceci contre 28 accidents corporels enregistr\u00e9s durant la m\u00eame p\u00e9riode de l\u2019ann\u00e9e 2018, ayant fait 29 bless\u00e9s. L\u2019on constate ainsi une hausse dans le nombre d\u2019accidents de l\u2019ordre de 33 cas, ainsi que dans le nombre de bless\u00e9s avec 41 cas. Le chef de la cellule de communication de la Suret\u00e9 de Wilaya indique, que les conducteurs sont \u00e0 l\u2019origine de 39 accidents dont 04 motocyclistes. Les causes des accidents sont dues au non respect du code de la route notamment les infractions relatives \u00e0 l\u2019inattention du conducteur dans les agglom\u00e9rations, le non respect de la distance de s\u00e9curit\u00e9, et le refus de priorit\u00e9. D\u2019autre part, 22 cas incombent aux pi\u00e9tons, dont 14 pour inattention lors de la travers\u00e9e de la route et 05 cas pour non usage du passage pour pi\u00e9tons. Il est \u00e0 signaler que 11 conducteurs titulaires de permis depuis moins de deux ans sont impliqu\u00e9s dans ces accidents, 16 autres n\u2019atteignant pas les 05 ans, 12 cas de titulaires de permis entre 05 et 08 ans. Le service a aussi enregistr\u00e9 21 cas titulaires de permis de conduire de plus de 08 ans et trois cas non titulaires de permis. Pour ces raisons, la direction g\u00e9n\u00e9rale de la s\u00fbret\u00e9 nationale poursuit ses efforts en vue de r\u00e9duire \u00e0 n\u00e9ant les accidents en ancrant une culture du respect du code de la route \u00e0 travers les mesures de r\u00e9pression \u00e0 l\u2019encontre des contrevenants notamment les auteurs d\u2019exc\u00e8s de vitesses dans le tissu urbain.\u00a0\u00a0\u00a0\u00a0\u00a0\u00a0\u00a0\u00a0\u00a0\u00a0\u00a0\u00a0\u00a0\u00a0\u00a0\u00a0\u00a0\u00a0\u00a0\u00a0\u00a0\u00a0<\/div>\n<\/div>\n<p>Auteur: B.Boufaden<br \/>\n<a href=\"https:\/\/www.reflexiondz.net\/ACCIDENTS-DE-LA-CIRCULATION-A-MASCARA-70-blesses-au-mois-de-mars_a55230.html\">Cliquez ici pour lire l&rsquo;article depuis sa source.<\/a><\/p>\n","protected":false},"excerpt":{"rendered":"<p>Le service de wilaya de la s\u00e9curit\u00e9 publique relevant de la s\u00fbret\u00e9 de wilaya de Mascara a enregistr\u00e9 durant le mois de mars 2019 dernier 61 accidents corporels de la circulation sur le tissu urbain ayant caus\u00e9 des blessures plus ou moins graves \u00e0 70 personnes, ceci contre 28 accidents corporels enregistr\u00e9s durant la m\u00eame [&hellip;]<\/p>\n","protected":false},"author":1740,"featured_media":0,"comment_status":"closed","ping_status":"closed","sticky":false,"template":"","format":"standard","meta":{"fifu_image_url":"","fifu_image_alt":"","footnotes":""},"categories":[53,76],"tags":[],"class_list":["post-25699","post","type-post","status-publish","format-standard","hentry","category-algerie","category-regions"],"_links":{"self":[{"href":"https:\/\/linitiative.ca\/International\/wp-json\/wp\/v2\/posts\/25699","targetHints":{"allow":["GET"]}}],"collection":[{"href":"https:\/\/linitiative.ca\/International\/wp-json\/wp\/v2\/posts"}],"about":[{"href":"https:\/\/linitiative.ca\/International\/wp-json\/wp\/v2\/types\/post"}],"author":[{"embeddable":true,"href":"https:\/\/linitiative.ca\/International\/wp-json\/wp\/v2\/users\/1740"}],"replies":[{"embeddable":true,"href":"https:\/\/linitiative.ca\/International\/wp-json\/wp\/v2\/comments?post=25699"}],"version-history":[{"count":0,"href":"https:\/\/linitiative.ca\/International\/wp-json\/wp\/v2\/posts\/25699\/revisions"}],"wp:attachment":[{"href":"https:\/\/linitiative.ca\/International\/wp-json\/wp\/v2\/media?parent=25699"}],"wp:term":[{"taxonomy":"category","embeddable":true,"href":"https:\/\/linitiative.ca\/International\/wp-json\/wp\/v2\/categories?post=25699"},{"taxonomy":"post_tag","embeddable":true,"href":"https:\/\/linitiative.ca\/International\/wp-json\/wp\/v2\/tags?post=25699"}],"curies":[{"name":"wp","href":"https:\/\/api.w.org\/{rel}","templated":true}]}}