{"id":25700,"date":"2019-04-03T13:37:00","date_gmt":"2019-04-03T17:37:00","guid":{"rendered":"https:\/\/linitiative.ca\/International\/lalgerie-sans-bouteflika\/"},"modified":"2019-04-03T13:37:00","modified_gmt":"2019-04-03T17:37:00","slug":"lalgerie-sans-bouteflika","status":"publish","type":"post","link":"https:\/\/linitiative.ca\/International\/lalgerie-sans-bouteflika\/","title":{"rendered":"L\u2019Alg\u00e9rie sans Bouteflika"},"content":{"rendered":"<p><br id=\"sep_para_1\" class=\"sep_para access\"\/><\/p>\n<div id=\"para_1\" class=\"para_30114246 resize\">\n<div class=\"texte access firstletter\">On nous avait souffl\u00e9 qu\u2019il f\u00fbt dans un \u00e9tat comateux, mais on l\u2019a vu sur l\u2019\u00e9cran de la t\u00e9l\u00e9vision publique en pleine possession de ses moyens\u2026 mais malheureusement dans sa derni\u00e8re apparition en photo de \u2018\u2019ex-Pr\u00e9sident de la R\u00e9publique \u2018\u2019 &#8230; Abdelaziz Bouteflika d\u00e9missionne ! Le Roi est mort et avec lui ses fr\u00e8res et tous les Hadad, les Kouninef, les Tahkout, les Belmansour les Ouyahia, les Amara Benyounes, les Bouchareb et les guignols Amar Ghoul, Sidi Sa\u00efd et Ould Abbes.<br \/>L\u2019Alg\u00e9rie se r\u00e9veille aujourd\u2019hui sans Bouteflika, unie comme un seul homme, f\u00eatant son combat contre le r\u00e9gime autoritaire en disant \u00e0 cette mafia qui a dirig\u00e9 le pays pendant un demi-si\u00e8cle, \u2018\u2019Basta Basta\u2019\u2019. L\u2019Alg\u00e9rie vit ses premiers jours sans Bouteflika, excit\u00e9 par l\u2019article 7 de la constitution, go\u00fbtant pour la premi\u00e8re fois la chaleur du \u2018\u2019le peuple est source de tout pouvoir\u2019 \u2019mais cette deuxi\u00e8me R\u00e9publique r\u00e9clam\u00e9e par les millions d\u2019alg\u00e9riens \u00e0 travers les vendredis imposants, inqui\u00e8te et dessine un avenir m\u00e9connu pour les prochaines \u00e9tapes qui devront suivre la p\u00e9riode de l\u2019apr\u00e8s Bouteflika.\u00a0\u00a0\u00a0\u00a0\u00a0\u00a0\u00a0\u00a0 \u00a0<br \/>Certes, les Alg\u00e9riens ont gagn\u00e9 une bataille contre le r\u00e9gime des Oligarques, mais ils n\u2019ont pas encore gagn\u00e9 la guerre contre ce qui reste de ce syst\u00e8me qui a plong\u00e9 ses racines au plus profond des institutions de l\u2019Etat, car le vrai combat pour une Alg\u00e9rie meilleure ne fait que commencer..! Le moment est venu pour que les jeunes alg\u00e9riens s&rsquo;impliquent plus dans la vie politique pour d\u00e9fendre leurs acquis et prendre leur destin en main, avant que les politicos, et les petits Bouteflika surfent et chevauchent le mouvement populaire ! Il est s\u00fbr que l\u2019arm\u00e9e a accompagn\u00e9 les demandes de la population avide de libert\u00e9, mais c\u2019est aux politiciens de concr\u00e9tiser cette transition sur le terrain.<br \/>Le \u2018\u2019protecteur \u2018\u2019 de la R\u00e9volution et des aspirations populaires, Ahmed Ga\u00efd Salah ne pourra aller au-del\u00e0 de ses pr\u00e9rogatives militaires, la neutralit\u00e9 de l\u2019institution militaire lui oblige des r\u00e9serves. Mais malgr\u00e9 lui le patron de l\u2019Arm\u00e9e se retrouve d\u00e9sormais en premi\u00e8re ligne face \u00e0 la R\u00e9volution qu\u2019il pense confiner dans un processus \u00e9lectoral sous contr\u00f4le. Il est ainsi devant un dilemme, comment convaincre le peuple qui a r\u00e9it\u00e9r\u00e9 son engagement \u00e0 manifester les vendredis prochains jusqu\u2019\u00e0 l\u2019\u00e9cartement du trio Abdelkader Bensalah, Bedoui et Tayeb Belaiz, reste l\u2019objectif ultime des millions de manifestants et \u00e9galement l\u2019embarras constitutionnel de Gaid Salah. \u00a0<br \/>Les choses s\u00e9rieuses commencent. Elles imposent une r\u00e9ponse aux exigences du peuple qui continue \u00e0 demander le \u2018\u2019degagisme\u2019\u2019 des trois \u00ab B \u00bb. L\u2019Alg\u00e9rie de demain avance doucement Bouteflika a fini par partir mais le plus dur commence !<br \/>\u00a0<\/div>\n<\/div>\n<p>Auteur: Ismain<br \/>\n<a href=\"https:\/\/www.reflexiondz.net\/L-Algerie-sans-Bouteflika_a55241.html\">Cliquez ici pour lire l&rsquo;article depuis sa source.<\/a><\/p>\n","protected":false},"excerpt":{"rendered":"<p>On nous avait souffl\u00e9 qu\u2019il f\u00fbt dans un \u00e9tat comateux, mais on l\u2019a vu sur l\u2019\u00e9cran de la t\u00e9l\u00e9vision publique en pleine possession de ses moyens\u2026 mais malheureusement dans sa derni\u00e8re apparition en photo de \u2018\u2019ex-Pr\u00e9sident de la R\u00e9publique \u2018\u2019 &#8230; Abdelaziz Bouteflika d\u00e9missionne ! Le Roi est mort et avec lui ses fr\u00e8res et [&hellip;]<\/p>\n","protected":false},"author":1740,"featured_media":0,"comment_status":"closed","ping_status":"closed","sticky":false,"template":"","format":"standard","meta":{"fifu_image_url":"","fifu_image_alt":"","footnotes":""},"categories":[53,76],"tags":[],"class_list":["post-25700","post","type-post","status-publish","format-standard","hentry","category-algerie","category-regions"],"_links":{"self":[{"href":"https:\/\/linitiative.ca\/International\/wp-json\/wp\/v2\/posts\/25700","targetHints":{"allow":["GET"]}}],"collection":[{"href":"https:\/\/linitiative.ca\/International\/wp-json\/wp\/v2\/posts"}],"about":[{"href":"https:\/\/linitiative.ca\/International\/wp-json\/wp\/v2\/types\/post"}],"author":[{"embeddable":true,"href":"https:\/\/linitiative.ca\/International\/wp-json\/wp\/v2\/users\/1740"}],"replies":[{"embeddable":true,"href":"https:\/\/linitiative.ca\/International\/wp-json\/wp\/v2\/comments?post=25700"}],"version-history":[{"count":0,"href":"https:\/\/linitiative.ca\/International\/wp-json\/wp\/v2\/posts\/25700\/revisions"}],"wp:attachment":[{"href":"https:\/\/linitiative.ca\/International\/wp-json\/wp\/v2\/media?parent=25700"}],"wp:term":[{"taxonomy":"category","embeddable":true,"href":"https:\/\/linitiative.ca\/International\/wp-json\/wp\/v2\/categories?post=25700"},{"taxonomy":"post_tag","embeddable":true,"href":"https:\/\/linitiative.ca\/International\/wp-json\/wp\/v2\/tags?post=25700"}],"curies":[{"name":"wp","href":"https:\/\/api.w.org\/{rel}","templated":true}]}}