{"id":25735,"date":"2019-04-03T15:23:17","date_gmt":"2019-04-03T19:23:17","guid":{"rendered":"https:\/\/linitiative.ca\/International\/le-comble-litalie-discute-avec-le-qatar-de-la-situation-en-tunisie\/"},"modified":"2019-04-03T15:23:17","modified_gmt":"2019-04-03T19:23:17","slug":"le-comble-litalie-discute-avec-le-qatar-de-la-situation-en-tunisie","status":"publish","type":"post","link":"https:\/\/linitiative.ca\/International\/le-comble-litalie-discute-avec-le-qatar-de-la-situation-en-tunisie\/","title":{"rendered":"Le comble\u00a0: L\u2019Italie discute avec le Qatar de la situation en Tunisie\u00a0!!!"},"content":{"rendered":"<div class=\"post-cont-in left relative\">\n<div class=\"nc_socialPanel swp_flatFresh swp_d_fullColor swp_i_fullColor swp_o_fullColor scale-100 scale-fullWidth\" data-position=\"none\" data-float=\"floatNone\" data-count=\"5\" data-floatcolor=\"#ffffff\" data-emphasize=\"0\">\n<div class=\"nc_tweetContainer totes totesalt\" data-id=\"6\"><span class=\"swp_count\"><span class=\"swp_label\">Partages<\/span> 308<\/span><\/div>\n<\/div>\n<p>Le premier ministre italien, Giuseppe Conti, en visite officielle au Qatar, a annonc\u00e9 \u00e0 la presse qu\u2019il s\u2019est entretenu avec l\u2019Emir du Qatar, \u00e0 propos des dossiers \u00ab\u00a0br\u00fblants\u00a0\u00bb sur la sc\u00e8ne internationale et r\u00e9gionale.<\/p>\n<p>Conti s\u2019est dit satisfait des convergences des points de vue avec le c\u00f4t\u00e9 qatari, concernant le plan d\u2019action en rapport avec\u00a0 la situation en Afrique du Nord, notamment, en Libye, en Tunisie et en Alg\u00e9rie. Il a ajout\u00e9 que les deux parties ont mis l\u2019accent sur la n\u00e9cessit\u00e9 d\u2019acc\u00e9l\u00e9rer les \u00e9lections en Libye, pour \u00e9viter l\u2019escalade militaire.<\/p>\n<div class=\"code-block code-block-1 c3\"><ins class=\"adsbygoogle c2\" data-ad-layout=\"in-article\" data-ad-format=\"fluid\" data-ad-client=\"ca-pub-2102118777505746\" data-ad-slot=\"7301775417\"\/> <\/div>\n<p>Que l\u2019Italie s\u2019inqui\u00e8te de la situation s\u00e9curitaire en Afrique du Nord, \u00e7\u00e0 peut se comprendre du fait de sa proximit\u00e9 de la zone, et de la possibilit\u00e9 de voir d\u00e9border les conflits vers son territoire sous forme de vagues de migrants clandestins\u2026 Mais de l\u00e0 \u00e0 en discuter avec le Qatar, il y a quelque chose qui ne colle pas.<\/p>\n<p>Alors, soit que le chef du gouvernement italien s\u2019est tromp\u00e9 d\u2019interlocuteur, soit qu\u2019au contraire il a si bien su le choisir. Mais dans ce cas, ces pourparlers, et surtout les prises de positions qataries, sonnent comme un aveu de leur ing\u00e9rence dans la zone de l\u2019Afrique du Nord, ce qui confirme, quelque part leur financement de certaines parties, pour maintenir toute la zone, en effervescence.<\/p>\n<div class=\"mvp-org-wrap mvp-org-logo\" itemprop=\"publisher\" itemscope=\"\" itemtype=\"https:\/\/schema.org\/Organization\"><img decoding=\"async\" src=\"https:\/\/www.tunisienumerique.com\/wp-content\/uploads\/2017\/02\/logo_tunisie_numerique.png\"\/><\/div>\n<div class=\"nc_socialPanel swp_flatFresh swp_d_fullColor swp_i_fullColor swp_o_fullColor scale-100 scale-fullWidth\" data-position=\"none\" data-float=\"floatNone\" data-count=\"5\" data-floatcolor=\"#ffffff\" data-emphasize=\"0\">\n<div class=\"nc_tweetContainer totes totesalt\" data-id=\"6\"><span class=\"swp_count\"><span class=\"swp_label\">Partages<\/span> 308<\/span><\/div>\n<\/div>\n<div class=\"mvp-related-posts left relative\">\n<h4 class=\"post-header\"><span class=\"post-header\">Lire aussi<\/span><\/h4>\n<\/div>\n<\/div>\n<p>Auteur: LM<br \/>\n<a href=\"https:\/\/www.tunisienumerique.com\/le-comble-litalie-discute-avec-le-qatar-de-la-situation-en-tunisie\/\">Cliquez ici pour lire l&rsquo;article depuis sa source.<\/a><\/p>\n","protected":false},"excerpt":{"rendered":"<p>Partages 308 Le premier ministre italien, Giuseppe Conti, en visite officielle au Qatar, a annonc\u00e9 \u00e0 la presse qu\u2019il s\u2019est entretenu avec l\u2019Emir du Qatar, \u00e0 propos des dossiers \u00ab\u00a0br\u00fblants\u00a0\u00bb sur la sc\u00e8ne internationale et r\u00e9gionale. Conti s\u2019est dit satisfait des convergences des points de vue avec le c\u00f4t\u00e9 qatari, concernant le plan d\u2019action en [&hellip;]<\/p>\n","protected":false},"author":1789,"featured_media":25736,"comment_status":"closed","ping_status":"closed","sticky":false,"template":"","format":"standard","meta":{"fifu_image_url":"","fifu_image_alt":"","footnotes":""},"categories":[73,55],"tags":[],"class_list":["post-25735","post","type-post","status-publish","format-standard","has-post-thumbnail","hentry","category-actualite","category-tunisie"],"_links":{"self":[{"href":"https:\/\/linitiative.ca\/International\/wp-json\/wp\/v2\/posts\/25735","targetHints":{"allow":["GET"]}}],"collection":[{"href":"https:\/\/linitiative.ca\/International\/wp-json\/wp\/v2\/posts"}],"about":[{"href":"https:\/\/linitiative.ca\/International\/wp-json\/wp\/v2\/types\/post"}],"author":[{"embeddable":true,"href":"https:\/\/linitiative.ca\/International\/wp-json\/wp\/v2\/users\/1789"}],"replies":[{"embeddable":true,"href":"https:\/\/linitiative.ca\/International\/wp-json\/wp\/v2\/comments?post=25735"}],"version-history":[{"count":0,"href":"https:\/\/linitiative.ca\/International\/wp-json\/wp\/v2\/posts\/25735\/revisions"}],"wp:featuredmedia":[{"embeddable":true,"href":"https:\/\/linitiative.ca\/International\/wp-json\/"}],"wp:attachment":[{"href":"https:\/\/linitiative.ca\/International\/wp-json\/wp\/v2\/media?parent=25735"}],"wp:term":[{"taxonomy":"category","embeddable":true,"href":"https:\/\/linitiative.ca\/International\/wp-json\/wp\/v2\/categories?post=25735"},{"taxonomy":"post_tag","embeddable":true,"href":"https:\/\/linitiative.ca\/International\/wp-json\/wp\/v2\/tags?post=25735"}],"curies":[{"name":"wp","href":"https:\/\/api.w.org\/{rel}","templated":true}]}}