{"id":25739,"date":"2019-04-03T15:33:43","date_gmt":"2019-04-03T19:33:43","guid":{"rendered":"https:\/\/linitiative.ca\/International\/la-fifa-correspond-le-comite-du-ca\/"},"modified":"2019-04-03T15:33:43","modified_gmt":"2019-04-03T19:33:43","slug":"la-fifa-correspond-le-comite-du-ca","status":"publish","type":"post","link":"https:\/\/linitiative.ca\/International\/la-fifa-correspond-le-comite-du-ca\/","title":{"rendered":"La FIFA correspond le comit\u00e9 du CA"},"content":{"rendered":"<div class=\"nc_socialPanel swp_flatFresh swp_d_fullColor swp_i_fullColor swp_o_fullColor scale-100 scale-fullWidth\" data-position=\"none\" data-float=\"floatNone\" data-count=\"5\" data-floatcolor=\"#ffffff\" data-emphasize=\"0\">\n<div class=\"nc_tweetContainer totes totesalt\" data-id=\"6\"><span class=\"swp_count\"><span class=\"swp_label\">Partages<\/span> 0<\/span><\/div>\n<\/div>\n<p><span>La<span class=\"TextRun SCXW105124710 BCX0\" lang=\"FR-FR\" xml:lang=\"FR-FR\"><span class=\"NormalTextRun SCXW105124710 BCX0\">\u00a0F\u00e9d\u00e9ration internationale de football\u00a0<\/span><\/span><span class=\"TextRun SCXW105124710 BCX0\" lang=\"FR-FR\" xml:lang=\"FR-FR\"><span class=\"SpellingError SCXW105124710 BCX0\">association<\/span><\/span><span class=\"TextRun SCXW105124710 BCX0\" lang=\"FR-FR\" xml:lang=\"FR-FR\"><span class=\"NormalTextRun SCXW105124710 BCX0\">\u00a0<\/span><\/span><span class=\"EOP SCXW105124710 BCX0\">\u00a0(<\/span>FIFA) a a envoy\u00e9 \u00e0 la direction du Club africain une correspondance pour demander les copies originales de la r\u00e9siliation des contrats du duo camerounais\u00a0<\/span><span>Didier Rostand<\/span><span>\u00a0et\u00a0<\/span><span>Serge Nicolas<\/span><span>.<\/span><span>\u00a0<\/span><\/p>\n<p><span>Recrut\u00e9s l\u2019\u00e9t\u00e9 pr\u00e9c\u00e8dent, les deux joueurs n\u2019ont pas pass\u00e9 qu\u2019une semaine avec l\u2019\u00e9quipe de Bab\u00a0<\/span><span>Jedid<\/span><span>\u00a0avant la\u00a0<\/span><span>r\u00e9siliation<\/span><span>\u00a0de leurs contrats.<\/span><span>\u00a0<\/span><\/p>\n<div class=\"code-block code-block-1 c4\"><ins class=\"adsbygoogle c3\" data-ad-layout=\"in-article\" data-ad-format=\"fluid\" data-ad-client=\"ca-pub-2102118777505746\" data-ad-slot=\"7301775417\"\/> <\/div>\n<p><span>L\u2019agent de deux joueurs, le Camerounais Donald\u00a0<\/span><span>Ngamini<\/span><span>, a officiellement d\u00e9pos\u00e9 une plainte contre le CA \u00e0 la FIFA, accusant les Rouges et Blancs de signer\u00a0frauduleusement la r\u00e9siliation des contrats de ses joueurs.<\/span><span>\u00a0<\/span><\/p>\n<p><span>La FIFA exige actuellement que le Club Africain soit en mesure d\u2019envoyer les documents originaux avant le 21 avril.\u00a0<\/span><span>\u00a0<\/span><\/p>\n<p><span>L\u2019agent camerounais r\u00e9clame une indemnisation financi\u00e8re de 507 000 euros r\u00e9partie comme suit : 47 000 euros commissions, 210 000 euros pour Serge et 250 000 euros pour Rostand.<\/span><span>\u00a0<\/span><\/p>\n<p><span>Dans ce contexte,\u00a0<\/span><span>Tunisienumerique<\/span><span>\u00a0a \u00e9t\u00e9 inform\u00e9, selon des sources proches du dossier,\u00a0<\/span><span>que la FIFA\u00a0rendra son jugement final en mois de mai prochain.<\/span><span>\u00a0<\/span><\/p>\n<div class=\"mvp-org-wrap mvp-org-logo\" itemprop=\"publisher\" itemscope=\"\" itemtype=\"https:\/\/schema.org\/Organization\"><img decoding=\"async\" src=\"https:\/\/sport.tunisienumerique.com\/wp-content\/uploads\/2017\/05\/logo_tunisie_numerique.png\"\/><\/div>\n<div class=\"nc_socialPanel swp_flatFresh swp_d_fullColor swp_i_fullColor swp_o_fullColor scale-100 scale-fullWidth\" data-position=\"none\" data-float=\"floatNone\" data-count=\"5\" data-floatcolor=\"#ffffff\" data-emphasize=\"0\">\n<div class=\"nc_tweetContainer totes totesalt\" data-id=\"6\"><span class=\"swp_count\"><span class=\"swp_label\">Partages<\/span> 0<\/span><\/div>\n<\/div>\n<div class=\"mvp-related-posts left relative\">\n<h4 class=\"post-header\"><span class=\"post-header\">Lire aussi<\/span><\/h4>\n<\/div>\n<p>Auteur:<br \/>\n<a href=\"https:\/\/sport.tunisienumerique.com\/fifa-correspond-comite-ca\/\">Cliquez ici pour lire l&rsquo;article depuis sa source.<\/a><\/p>\n","protected":false},"excerpt":{"rendered":"<p>Partages 0 La\u00a0F\u00e9d\u00e9ration internationale de football\u00a0association\u00a0\u00a0(FIFA) a a envoy\u00e9 \u00e0 la direction du Club africain une correspondance pour demander les copies originales de la r\u00e9siliation des contrats du duo camerounais\u00a0Didier Rostand\u00a0et\u00a0Serge Nicolas.\u00a0 Recrut\u00e9s l\u2019\u00e9t\u00e9 pr\u00e9c\u00e8dent, les deux joueurs n\u2019ont pas pass\u00e9 qu\u2019une semaine avec l\u2019\u00e9quipe de Bab\u00a0Jedid\u00a0avant la\u00a0r\u00e9siliation\u00a0de leurs contrats.\u00a0 L\u2019agent de deux joueurs, le [&hellip;]<\/p>\n","protected":false},"author":1789,"featured_media":25740,"comment_status":"closed","ping_status":"closed","sticky":false,"template":"","format":"standard","meta":{"fifu_image_url":"","fifu_image_alt":"","footnotes":""},"categories":[73,55],"tags":[],"class_list":["post-25739","post","type-post","status-publish","format-standard","has-post-thumbnail","hentry","category-actualite","category-tunisie"],"_links":{"self":[{"href":"https:\/\/linitiative.ca\/International\/wp-json\/wp\/v2\/posts\/25739","targetHints":{"allow":["GET"]}}],"collection":[{"href":"https:\/\/linitiative.ca\/International\/wp-json\/wp\/v2\/posts"}],"about":[{"href":"https:\/\/linitiative.ca\/International\/wp-json\/wp\/v2\/types\/post"}],"author":[{"embeddable":true,"href":"https:\/\/linitiative.ca\/International\/wp-json\/wp\/v2\/users\/1789"}],"replies":[{"embeddable":true,"href":"https:\/\/linitiative.ca\/International\/wp-json\/wp\/v2\/comments?post=25739"}],"version-history":[{"count":0,"href":"https:\/\/linitiative.ca\/International\/wp-json\/wp\/v2\/posts\/25739\/revisions"}],"wp:featuredmedia":[{"embeddable":true,"href":"https:\/\/linitiative.ca\/International\/wp-json\/"}],"wp:attachment":[{"href":"https:\/\/linitiative.ca\/International\/wp-json\/wp\/v2\/media?parent=25739"}],"wp:term":[{"taxonomy":"category","embeddable":true,"href":"https:\/\/linitiative.ca\/International\/wp-json\/wp\/v2\/categories?post=25739"},{"taxonomy":"post_tag","embeddable":true,"href":"https:\/\/linitiative.ca\/International\/wp-json\/wp\/v2\/tags?post=25739"}],"curies":[{"name":"wp","href":"https:\/\/api.w.org\/{rel}","templated":true}]}}