{"id":25743,"date":"2019-04-03T15:49:41","date_gmt":"2019-04-03T19:49:41","guid":{"rendered":"https:\/\/linitiative.ca\/International\/tunisie-le-kef-dimportants-degats-agricoles-a-cause-de-la-grele\/"},"modified":"2019-04-03T15:49:41","modified_gmt":"2019-04-03T19:49:41","slug":"tunisie-le-kef-dimportants-degats-agricoles-a-cause-de-la-grele","status":"publish","type":"post","link":"https:\/\/linitiative.ca\/International\/tunisie-le-kef-dimportants-degats-agricoles-a-cause-de-la-grele\/","title":{"rendered":"Tunisie \u2013 Le Kef\u00a0: D\u2019importants d\u00e9g\u00e2ts agricoles \u00e0 cause de la gr\u00eale"},"content":{"rendered":"<div class=\"post-cont-in left relative\">\n<div class=\"nc_socialPanel swp_flatFresh swp_d_fullColor swp_i_fullColor swp_o_fullColor scale-100 scale-fullWidth\" data-position=\"none\" data-float=\"floatNone\" data-count=\"5\" data-floatcolor=\"#ffffff\" data-emphasize=\"0\">\n<div class=\"nc_tweetContainer totes totesalt\" data-id=\"6\"><span class=\"swp_count\"><span class=\"swp_label\">Partages<\/span> 26<\/span><\/div>\n<\/div>\n<p>De nombreux agriculteurs se sont plaints ce mercredi apr\u00e8s midi, de lourdes pertes qu\u2019ils ont subies dans leurs plantations, aussi bien pour les grandes cultures, que pour les cultures mara\u00eech\u00e8res ou pour les arbres fruitiers. Et ce, suite \u00e0 d\u2019importantes chutes de gr\u00eale qui se sont abattues sur la r\u00e9gion.<\/p>\n<p>Le commissariat r\u00e9gional de l\u2019agriculture a charg\u00e9 une commission pour d\u00e9limiter les d\u00e9g\u00e2ts et les parcelles sinistr\u00e9es, en vue d\u2019entreprendre les mesures qui s\u2019imposent.<\/p>\n<div class=\"code-block code-block-1 c3\"><ins class=\"adsbygoogle c2\" data-ad-layout=\"in-article\" data-ad-format=\"fluid\" data-ad-client=\"ca-pub-2102118777505746\" data-ad-slot=\"7301775417\"\/> <\/div>\n<div class=\"mvp-org-wrap mvp-org-logo\" itemprop=\"publisher\" itemscope=\"\" itemtype=\"https:\/\/schema.org\/Organization\"><img decoding=\"async\" src=\"https:\/\/www.tunisienumerique.com\/wp-content\/uploads\/2017\/02\/logo_tunisie_numerique.png\"\/><\/div>\n<div class=\"nc_socialPanel swp_flatFresh swp_d_fullColor swp_i_fullColor swp_o_fullColor scale-100 scale-fullWidth\" data-position=\"none\" data-float=\"floatNone\" data-count=\"5\" data-floatcolor=\"#ffffff\" data-emphasize=\"0\">\n<div class=\"nc_tweetContainer totes totesalt\" data-id=\"6\"><span class=\"swp_count\"><span class=\"swp_label\">Partages<\/span> 26<\/span><\/div>\n<\/div>\n<div class=\"mvp-related-posts left relative\">\n<h4 class=\"post-header\"><span class=\"post-header\">Lire aussi<\/span><\/h4>\n<\/div>\n<\/div>\n<p>Auteur: LM<br \/>\n<a href=\"https:\/\/www.tunisienumerique.com\/tunisie-le-kef-dimportants-degats-agricoles-a-cause-de-la-grele\/\">Cliquez ici pour lire l&rsquo;article depuis sa source.<\/a><\/p>\n","protected":false},"excerpt":{"rendered":"<p>Partages 26 De nombreux agriculteurs se sont plaints ce mercredi apr\u00e8s midi, de lourdes pertes qu\u2019ils ont subies dans leurs plantations, aussi bien pour les grandes cultures, que pour les cultures mara\u00eech\u00e8res ou pour les arbres fruitiers. Et ce, suite \u00e0 d\u2019importantes chutes de gr\u00eale qui se sont abattues sur la r\u00e9gion. Le commissariat r\u00e9gional [&hellip;]<\/p>\n","protected":false},"author":1789,"featured_media":25744,"comment_status":"closed","ping_status":"closed","sticky":false,"template":"","format":"standard","meta":{"fifu_image_url":"","fifu_image_alt":"","footnotes":""},"categories":[73,55],"tags":[],"class_list":["post-25743","post","type-post","status-publish","format-standard","has-post-thumbnail","hentry","category-actualite","category-tunisie"],"_links":{"self":[{"href":"https:\/\/linitiative.ca\/International\/wp-json\/wp\/v2\/posts\/25743","targetHints":{"allow":["GET"]}}],"collection":[{"href":"https:\/\/linitiative.ca\/International\/wp-json\/wp\/v2\/posts"}],"about":[{"href":"https:\/\/linitiative.ca\/International\/wp-json\/wp\/v2\/types\/post"}],"author":[{"embeddable":true,"href":"https:\/\/linitiative.ca\/International\/wp-json\/wp\/v2\/users\/1789"}],"replies":[{"embeddable":true,"href":"https:\/\/linitiative.ca\/International\/wp-json\/wp\/v2\/comments?post=25743"}],"version-history":[{"count":0,"href":"https:\/\/linitiative.ca\/International\/wp-json\/wp\/v2\/posts\/25743\/revisions"}],"wp:featuredmedia":[{"embeddable":true,"href":"https:\/\/linitiative.ca\/International\/wp-json\/"}],"wp:attachment":[{"href":"https:\/\/linitiative.ca\/International\/wp-json\/wp\/v2\/media?parent=25743"}],"wp:term":[{"taxonomy":"category","embeddable":true,"href":"https:\/\/linitiative.ca\/International\/wp-json\/wp\/v2\/categories?post=25743"},{"taxonomy":"post_tag","embeddable":true,"href":"https:\/\/linitiative.ca\/International\/wp-json\/wp\/v2\/tags?post=25743"}],"curies":[{"name":"wp","href":"https:\/\/api.w.org\/{rel}","templated":true}]}}