{"id":25745,"date":"2019-04-03T16:01:54","date_gmt":"2019-04-03T20:01:54","guid":{"rendered":"https:\/\/linitiative.ca\/International\/tunisie-sfax-des-sit-inners-menacent-de-se-suicider-collectivement\/"},"modified":"2019-04-03T16:01:54","modified_gmt":"2019-04-03T20:01:54","slug":"tunisie-sfax-des-sit-inners-menacent-de-se-suicider-collectivement","status":"publish","type":"post","link":"https:\/\/linitiative.ca\/International\/tunisie-sfax-des-sit-inners-menacent-de-se-suicider-collectivement\/","title":{"rendered":"Tunisie \u2013 Sfax\u00a0: Des sit-inners menacent de se suicider collectivement"},"content":{"rendered":"<div class=\"post-cont-in left relative\">\n<div class=\"nc_socialPanel swp_flatFresh swp_d_fullColor swp_i_fullColor swp_o_fullColor scale-100 scale-fullWidth\" data-position=\"none\" data-float=\"floatNone\" data-count=\"5\" data-floatcolor=\"#ffffff\" data-emphasize=\"0\">\n<div class=\"nc_tweetContainer totes totesalt\" data-id=\"6\"><span class=\"swp_count\"><span class=\"swp_label\">Partages<\/span> 21<\/span><\/div>\n<\/div>\n<p>Des sit-inners qui campaient depuis deux mois dans une tente en face du si\u00e8ge de la d\u00e9l\u00e9gation de Tyna, pour exiger d\u2019\u00eatre embauch\u00e9s dans les entreprises install\u00e9es dans leur r\u00e9gion, ont intercept\u00e9, ce matin, un camion transportant des bonbonnes de gaz. Ils ont ouvert un certain nombre de bonbonnes et se sont asperg\u00e9s de carburant, en mena\u00e7ant de se suicider de fa\u00e7on collective.<\/p>\n<div class=\"mvp-org-wrap mvp-org-logo\" itemprop=\"publisher\" itemscope=\"\" itemtype=\"https:\/\/schema.org\/Organization\"><img decoding=\"async\" src=\"https:\/\/www.tunisienumerique.com\/wp-content\/uploads\/2017\/02\/logo_tunisie_numerique.png\"\/><\/div>\n<div class=\"nc_socialPanel swp_flatFresh swp_d_fullColor swp_i_fullColor swp_o_fullColor scale-100 scale-fullWidth\" data-position=\"none\" data-float=\"floatNone\" data-count=\"5\" data-floatcolor=\"#ffffff\" data-emphasize=\"0\">\n<div class=\"nc_tweetContainer totes totesalt\" data-id=\"6\"><span class=\"swp_count\"><span class=\"swp_label\">Partages<\/span> 21<\/span><\/div>\n<\/div>\n<div class=\"mvp-related-posts left relative\">\n<h4 class=\"post-header\"><span class=\"post-header\">Lire aussi<\/span><\/h4>\n<\/div>\n<\/div>\n<p>Auteur: LM<br \/>\n<a href=\"https:\/\/www.tunisienumerique.com\/tunisie-sfax-des-sit-inners-menacent-de-se-suicider-collectivement\/\">Cliquez ici pour lire l&rsquo;article depuis sa source.<\/a><\/p>\n","protected":false},"excerpt":{"rendered":"<p>Partages 21 Des sit-inners qui campaient depuis deux mois dans une tente en face du si\u00e8ge de la d\u00e9l\u00e9gation de Tyna, pour exiger d\u2019\u00eatre embauch\u00e9s dans les entreprises install\u00e9es dans leur r\u00e9gion, ont intercept\u00e9, ce matin, un camion transportant des bonbonnes de gaz. Ils ont ouvert un certain nombre de bonbonnes et se sont asperg\u00e9s [&hellip;]<\/p>\n","protected":false},"author":1789,"featured_media":25746,"comment_status":"closed","ping_status":"closed","sticky":false,"template":"","format":"standard","meta":{"fifu_image_url":"","fifu_image_alt":"","footnotes":""},"categories":[73,55],"tags":[],"class_list":["post-25745","post","type-post","status-publish","format-standard","has-post-thumbnail","hentry","category-actualite","category-tunisie"],"_links":{"self":[{"href":"https:\/\/linitiative.ca\/International\/wp-json\/wp\/v2\/posts\/25745","targetHints":{"allow":["GET"]}}],"collection":[{"href":"https:\/\/linitiative.ca\/International\/wp-json\/wp\/v2\/posts"}],"about":[{"href":"https:\/\/linitiative.ca\/International\/wp-json\/wp\/v2\/types\/post"}],"author":[{"embeddable":true,"href":"https:\/\/linitiative.ca\/International\/wp-json\/wp\/v2\/users\/1789"}],"replies":[{"embeddable":true,"href":"https:\/\/linitiative.ca\/International\/wp-json\/wp\/v2\/comments?post=25745"}],"version-history":[{"count":0,"href":"https:\/\/linitiative.ca\/International\/wp-json\/wp\/v2\/posts\/25745\/revisions"}],"wp:featuredmedia":[{"embeddable":true,"href":"https:\/\/linitiative.ca\/International\/wp-json\/"}],"wp:attachment":[{"href":"https:\/\/linitiative.ca\/International\/wp-json\/wp\/v2\/media?parent=25745"}],"wp:term":[{"taxonomy":"category","embeddable":true,"href":"https:\/\/linitiative.ca\/International\/wp-json\/wp\/v2\/categories?post=25745"},{"taxonomy":"post_tag","embeddable":true,"href":"https:\/\/linitiative.ca\/International\/wp-json\/wp\/v2\/tags?post=25745"}],"curies":[{"name":"wp","href":"https:\/\/api.w.org\/{rel}","templated":true}]}}