{"id":25757,"date":"2019-04-03T10:09:39","date_gmt":"2019-04-03T14:09:39","guid":{"rendered":"https:\/\/linitiative.ca\/International\/drame-a-arbinda-une-enquete-sera-diligentee-president-du-faso\/"},"modified":"2019-04-03T10:09:39","modified_gmt":"2019-04-03T14:09:39","slug":"drame-a-arbinda-une-enquete-sera-diligentee-president-du-faso","status":"publish","type":"post","link":"https:\/\/linitiative.ca\/International\/drame-a-arbinda-une-enquete-sera-diligentee-president-du-faso\/","title":{"rendered":"Drame \u00e0 Arbinda: une enqu\u00eate sera diligent\u00e9e (Pr\u00e9sident du Faso)"},"content":{"rendered":"<p><strong>Le pr\u00e9sident du Faso condamne avec la plus grande fermet\u00e9 les \u00e9v\u00e8nements dramatiques survenus \u00e0 Arbinda dans la province du Soum et \u00e0 Zoaga dans la commune de Zabr\u00e9.<\/strong><\/p>\n<div readability=\"55\">\n<p>Il pr\u00e9sente aux familles des victimes ses sinc\u00e8res condol\u00e9ances.<\/p>\n<p>Le pr\u00e9sident du Faso appelle les populations de ces localit\u00e9s, et du Burkina Faso en g\u00e9n\u00e9ral, au calme et \u00e0 la retenue, et \u00e0 se d\u00e9partir de toute tentative de justice sommaire.<\/p>\n<p>Des instructions fermes ont \u00e9t\u00e9 donn\u00e9es aux Forces de d\u00e9fense et de s\u00e9curit\u00e9 pour qu\u2019elles renforcent la s\u00e9curit\u00e9 des populations desdites localit\u00e9s.<\/p>\n<p>Une enqu\u00eate sera diligent\u00e9e sur les circonstances de ces \u00e9v\u00e9nements, afin que les coupables subissent la rigueur de la loi.<\/p>\n<p>En ces moments difficiles o\u00f9 la coh\u00e9sion sociale est diversement mise \u00e0 rude \u00e9preuve, le pr\u00e9sident du Faso en appelle au renforcement de la culture de la tol\u00e9rance, de la paix et du dialogue entre fils et filles du Burkina Faso.<\/p>\n<p>Dieu b\u00e9nisse le Burkina Faso.<\/p>\n<p>Direction de la Communication de la pr\u00e9sidence du Faso.<\/p>\n<\/div>\n<p>Auteur: BS. Sidwaya<br \/>\n<a href=\"https:\/\/www.sidwaya.info\/blog\/2019\/04\/03\/drame-a-arbinda-une-enquete-sera-diligentee-president-du-faso\/\">Cliquez ici pour lire l&rsquo;article depuis sa source.<\/a><\/p>\n","protected":false},"excerpt":{"rendered":"<p>Le pr\u00e9sident du Faso condamne avec la plus grande fermet\u00e9 les \u00e9v\u00e8nements dramatiques survenus \u00e0 Arbinda dans la province du Soum et \u00e0 Zoaga dans la commune de Zabr\u00e9. Il pr\u00e9sente aux familles des victimes ses sinc\u00e8res condol\u00e9ances. Le pr\u00e9sident du Faso appelle les populations de ces localit\u00e9s, et du Burkina Faso en g\u00e9n\u00e9ral, au [&hellip;]<\/p>\n","protected":false},"author":1816,"featured_media":0,"comment_status":"closed","ping_status":"closed","sticky":false,"template":"","format":"standard","meta":{"fifu_image_url":"","fifu_image_alt":"","footnotes":""},"categories":[73,81],"tags":[],"class_list":["post-25757","post","type-post","status-publish","format-standard","hentry","category-actualite","category-burkina-faso"],"_links":{"self":[{"href":"https:\/\/linitiative.ca\/International\/wp-json\/wp\/v2\/posts\/25757","targetHints":{"allow":["GET"]}}],"collection":[{"href":"https:\/\/linitiative.ca\/International\/wp-json\/wp\/v2\/posts"}],"about":[{"href":"https:\/\/linitiative.ca\/International\/wp-json\/wp\/v2\/types\/post"}],"author":[{"embeddable":true,"href":"https:\/\/linitiative.ca\/International\/wp-json\/wp\/v2\/users\/1816"}],"replies":[{"embeddable":true,"href":"https:\/\/linitiative.ca\/International\/wp-json\/wp\/v2\/comments?post=25757"}],"version-history":[{"count":0,"href":"https:\/\/linitiative.ca\/International\/wp-json\/wp\/v2\/posts\/25757\/revisions"}],"wp:attachment":[{"href":"https:\/\/linitiative.ca\/International\/wp-json\/wp\/v2\/media?parent=25757"}],"wp:term":[{"taxonomy":"category","embeddable":true,"href":"https:\/\/linitiative.ca\/International\/wp-json\/wp\/v2\/categories?post=25757"},{"taxonomy":"post_tag","embeddable":true,"href":"https:\/\/linitiative.ca\/International\/wp-json\/wp\/v2\/tags?post=25757"}],"curies":[{"name":"wp","href":"https:\/\/api.w.org\/{rel}","templated":true}]}}