{"id":25761,"date":"2019-04-03T15:18:06","date_gmt":"2019-04-03T19:18:06","guid":{"rendered":"https:\/\/linitiative.ca\/International\/lancement-a-conakry-dun-front-contre-un-3eme-mandat-dalpha-conde\/"},"modified":"2019-04-03T15:18:06","modified_gmt":"2019-04-03T19:18:06","slug":"lancement-a-conakry-dun-front-contre-un-3eme-mandat-dalpha-conde","status":"publish","type":"post","link":"https:\/\/linitiative.ca\/International\/lancement-a-conakry-dun-front-contre-un-3eme-mandat-dalpha-conde\/","title":{"rendered":"Lancement \u00e0 Conakry d\u2019un front contre un 3\u00e8me mandat d\u2019Alpha Cond\u00e9"},"content":{"rendered":"<div readability=\"32\">\n<p>Publi\u00e9 le 03.04.2019 \u00e0 20h18 par APA News<\/p>\n<\/div>\n<div readability=\"66\">\n<p>Plusieurs plateformes de la soci\u00e9t\u00e9 civile, de syndicats et de partis politiques guin\u00e9ens dont l\u2019Ufdg de Cellou Dalein Diallo, l\u2019UFR de Sidya Tour\u00e9, le PEDN de Lansana Kouyat\u00e9 ont lanc\u00e9, mercredi \u00e0 Conakry, un mouvement d\u00e9nomm\u00e9 Front national pour la d\u00e9fense de la constitution (FNDC) pour emp\u00eacher toute modification de la Constitution guin\u00e9enne en vue d\u2019un troisi\u00e8me mandat de l\u2019actuel chef de l\u2019Etat, Alpha Cond\u00e9.Selon Abdourahmane Sanoh, porte-parole du mouvement, le FNDC est tr\u00e8s pr\u00e9occup\u00e9 par la d\u00e9t\u00e9rioration de la situation sociopolitique et \u00ab des actes d\u2019intimidation par une justice soumise \u00e0 l\u2019\u00e9gard de ceux qui s\u2019opposent l\u00e9gitimement au troisi\u00e8me mandat \u00bb.<\/p>\n<p>\u00ab C\u2019est pourquoi, a-t-il d\u00e9clar\u00e9, le FNDC a \u00e9t\u00e9 mis en place pour contenir ou an\u00e9antir \u00bb la volont\u00e9 de troisi\u00e8me mandat ou de glissement de mandat.<\/p>\n<p>\u00ab Les promoteurs du changement de constitution, un groupuscule d\u2019individus, par leur cynisme, doivent savoir que le projet de coup d\u2019\u00c9tat civil mal inspir\u00e9, est une provocation de trop en vers notre peuple, dont la patience au-cours des huit derni\u00e8res ann\u00e9es n\u2019\u00e9tait que sagesse \u00bb, a indiqu\u00e9 Abdourahmane Sanoh, disant prendre en t\u00e9moin l\u2019opinion nationale et la communaut\u00e9 internationale sur les graves cons\u00e9quences possibles d\u2019une tentative de modification de la constitution.<\/p>\n<p><ins data-revive-zoneid=\"9\" data-revive-id=\"10111e19d28d19d031742ee3b0b33eb0\"\/> <\/p>\n<p>\u00ab Nous appelons toutes les Guin\u00e9ennes et tous les Guin\u00e9ens en vue d\u2019une farouche opposition au troisi\u00e8me mandat par une man\u0153uvre. Nous demandons \u00e0 Monsieur le pr\u00e9sident de la R\u00e9publique de renoncer \u00e0 toute ambition instantan\u00e9ment de s\u2019\u00e9terniser au pouvoir en violation de la constitution et de ses serments devant le peuple et ses institutions \u00bb, a lanc\u00e9 Abdourahmane Sanoh.<\/p>\n<\/div>\n<p>Auteur: APA News<br \/>\n<a href=\"https:\/\/www.journalducameroun.com\/fr\/lancement-a-conakry-dun-front-contre-un-3eme-mandat-dalpha-conde\/\">Cliquez ici pour lire l&rsquo;article depuis sa source.<\/a><\/p>\n","protected":false},"excerpt":{"rendered":"<p>Publi\u00e9 le 03.04.2019 \u00e0 20h18 par APA News Plusieurs plateformes de la soci\u00e9t\u00e9 civile, de syndicats et de partis politiques guin\u00e9ens dont l\u2019Ufdg de Cellou Dalein Diallo, l\u2019UFR de Sidya Tour\u00e9, le PEDN de Lansana Kouyat\u00e9 ont lanc\u00e9, mercredi \u00e0 Conakry, un mouvement d\u00e9nomm\u00e9 Front national pour la d\u00e9fense de la constitution (FNDC) pour emp\u00eacher [&hellip;]<\/p>\n","protected":false},"author":1965,"featured_media":0,"comment_status":"closed","ping_status":"closed","sticky":false,"template":"","format":"standard","meta":{"fifu_image_url":"","fifu_image_alt":"","footnotes":""},"categories":[73,82],"tags":[],"class_list":["post-25761","post","type-post","status-publish","format-standard","hentry","category-actualite","category-cameroun"],"_links":{"self":[{"href":"https:\/\/linitiative.ca\/International\/wp-json\/wp\/v2\/posts\/25761","targetHints":{"allow":["GET"]}}],"collection":[{"href":"https:\/\/linitiative.ca\/International\/wp-json\/wp\/v2\/posts"}],"about":[{"href":"https:\/\/linitiative.ca\/International\/wp-json\/wp\/v2\/types\/post"}],"author":[{"embeddable":true,"href":"https:\/\/linitiative.ca\/International\/wp-json\/wp\/v2\/users\/1965"}],"replies":[{"embeddable":true,"href":"https:\/\/linitiative.ca\/International\/wp-json\/wp\/v2\/comments?post=25761"}],"version-history":[{"count":0,"href":"https:\/\/linitiative.ca\/International\/wp-json\/wp\/v2\/posts\/25761\/revisions"}],"wp:attachment":[{"href":"https:\/\/linitiative.ca\/International\/wp-json\/wp\/v2\/media?parent=25761"}],"wp:term":[{"taxonomy":"category","embeddable":true,"href":"https:\/\/linitiative.ca\/International\/wp-json\/wp\/v2\/categories?post=25761"},{"taxonomy":"post_tag","embeddable":true,"href":"https:\/\/linitiative.ca\/International\/wp-json\/wp\/v2\/tags?post=25761"}],"curies":[{"name":"wp","href":"https:\/\/api.w.org\/{rel}","templated":true}]}}