{"id":25762,"date":"2019-04-03T15:18:07","date_gmt":"2019-04-03T19:18:07","guid":{"rendered":"https:\/\/linitiative.ca\/International\/senat-ivoirien-nomination-des-33-membres-restants-linstitution-installee-le-11-avril\/"},"modified":"2019-04-03T15:18:07","modified_gmt":"2019-04-03T19:18:07","slug":"senat-ivoirien-nomination-des-33-membres-restants-linstitution-installee-le-11-avril","status":"publish","type":"post","link":"https:\/\/linitiative.ca\/International\/senat-ivoirien-nomination-des-33-membres-restants-linstitution-installee-le-11-avril\/","title":{"rendered":"S\u00e9nat ivoirien: nomination des 33 membres restants, l\u2019institution install\u00e9e le 11 avril"},"content":{"rendered":"<div readability=\"32\">\n<p>Publi\u00e9 le 03.04.2019 \u00e0 20h18 par APA News<\/p>\n<\/div>\n<div readability=\"142\">\n<p>Le ministre, secr\u00e9taire g\u00e9n\u00e9ral de la pr\u00e9sidence de C\u00f4te d\u2019Ivoire, Patrick Achi, a d\u00e9voil\u00e9 mercredi la liste des 33 s\u00e9nateurs qui restaient \u00e0 compl\u00e9ter les membres de l\u2019institution, dont l\u2019installation solennelle est pr\u00e9vue le 11 avril 2019 \u00e0 Yamoussoukro, dans une d\u00e9claration.\u00ab Le pr\u00e9sident de la R\u00e9publique a proc\u00e9d\u00e9 ce mercredi 3 avril 2019 \u00e0 la signature d\u2019un d\u00e9cret portant nomination de 33 s\u00e9nateurs, conform\u00e9ment \u00e0 l\u2019article 87 de la Constitution \u00bb, a dit Patrick Achi, dans une d\u00e9claration \u00e0 la pr\u00e9sidence.\u00a0<\/p>\n<p>Ces 33 s\u00e9nateurs nomm\u00e9s par le chef de l\u2019\u00c9tat ivoirien Alassane Ouattara sont des personnalit\u00e9s reconnues pour leur expertise dans les domaines \u00e9conomique, culturel, sportif, \u00e9ducatif\u2026 et pour leur exp\u00e9rience politique.<\/p>\n<p>La liste comprend 11 femmes et plusieurs personnalit\u00e9s bien connues sur l\u2019\u00e9chiquier politique ivoirien, entre autres, \u00a0Bernard Ehui, Gabril Yac\u00e9, la femme d\u2019affaires Mariam Dao Gabala, Charles Gomis, Jean Abonoua Kouassi, F\u00e9licien Agbahi, Viviane Zunon-Kipr\u00e9, Mariam F\u00e9t\u00e9gu\u00e9 Koulibaly, Konin Aka.\u00a0<\/p>\n<p>Ce S\u00e9nat, le premier de l\u2019histoire de la C\u00f4te d\u2019Ivoire comprend 99 membres. Soixante-six membres ont \u00e9t\u00e9 \u00e9lus par un coll\u00e8ge de grands \u00e9lecteurs (deux par r\u00e9gion). Le tiers restant attendait d\u2019\u00eatre nomm\u00e9 par le chef de l\u2019Etat. Le pr\u00e9sident du S\u00e9nat, Jeannot Kouadio Ahoussou, lui, a \u00e9t\u00e9 \u00e9lu en avril 2018. \u00a0\u00a0<\/p>\n<p>Voici la liste des 33 s\u00e9nateurs nomm\u00e9s<\/p>\n<p>1. \u00a0 \u00a0 \u00a0 \u00a0 \u00a0 \u00a0M. F\u00e9licien Agbahi<\/p>\n<p>2. \u00a0 \u00a0 \u00a0 \u00a0 \u00a0 \u00a0Mme Emilienne Anikpo<\/p>\n<p>3. \u00a0 \u00a0 \u00a0 \u00a0 \u00a0 \u00a0M. Moussa Bado<\/p>\n<p>4. \u00a0 \u00a0 \u00a0 \u00a0 \u00a0 \u00a0Mme Sogona Bamba \u00e9pouse Arnault<\/p>\n<p>5. \u00a0 \u00a0 \u00a0 \u00a0 \u00a0 \u00a0M. Michel Beno\u00eet Coffi<\/p>\n<p>6. \u00a0 \u00a0 \u00a0 \u00a0 \u00a0 \u00a0M. Lacina Coulibaly<\/p>\n<p>7. \u00a0 \u00a0 \u00a0 \u00a0 \u00a0 \u00a0Mme Mariam Dao Gabala<\/p>\n<p>8. \u00a0 \u00a0 \u00a0 \u00a0 \u00a0 \u00a0Mme Catherine Delon<\/p>\n<p>9. \u00a0 \u00a0 \u00a0 \u00a0 \u00a0 \u00a0Mme Makani Diaby<\/p>\n<p>10. \u00a0 \u00a0 \u00a0 \u00a0 \u00a0Mme Amoin Nicole Diallo<\/p>\n<p>11. \u00a0 \u00a0 \u00a0 \u00a0 \u00a0M. Oulounego Antoine Dieth<\/p>\n<p>12. \u00a0 \u00a0 \u00a0 \u00a0 \u00a0Mme Ma\u00efmouna Dosso<\/p>\n<p>13. \u00a0 \u00a0 \u00a0 \u00a0 \u00a0M. Bernard Ehui<\/p>\n<p>14. \u00a0 \u00a0 \u00a0 \u00a0 \u00a0M. Charles Gomis<\/p>\n<p>15. \u00a0 \u00a0 \u00a0 \u00a0 \u00a0M. Mamadou Kano<\/p>\n<p><ins data-revive-zoneid=\"9\" data-revive-id=\"10111e19d28d19d031742ee3b0b33eb0\"\/> <\/p>\n<p>16. \u00a0 \u00a0 \u00a0 \u00a0 \u00a0M. Lamine Konat\u00e9<\/p>\n<p>17. \u00a0 \u00a0 \u00a0 \u00a0 \u00a0M. Aka Konin<\/p>\n<p>18. \u00a0 \u00a0 \u00a0 \u00a0 \u00a0M. Amoakon Kouam\u00e9<\/p>\n<p>19. \u00a0 \u00a0 \u00a0 \u00a0 \u00a0M. Benz\u00e8ne Kouam\u00e9<\/p>\n<p>20. \u00a0 \u00a0 \u00a0 \u00a0 \u00a0M. Alomo Paulin Kouassi<\/p>\n<p>21. \u00a0 \u00a0 \u00a0 \u00a0 \u00a0M. Abonoua Jean Kouassi<\/p>\n<p>22. \u00a0 \u00a0 \u00a0 \u00a0 \u00a0Mme Mariam F\u00e9t\u00e9gu\u00e9 Koulibaly<\/p>\n<p>23. \u00a0 \u00a0 \u00a0 \u00a0 \u00a0M. Ipaud Pierre Michel Lago<\/p>\n<p>24. \u00a0 \u00a0 \u00a0 \u00a0 \u00a0M. Koueli Manou Bi<\/p>\n<p>25. \u00a0 \u00a0 \u00a0 \u00a0 \u00a0Mme Marie-Ir\u00e8ne Richmond Ahoua<\/p>\n<p>26. \u00a0 \u00a0 \u00a0 \u00a0 \u00a0M. Augustin Tompieu-Zouo<\/p>\n<p>27. \u00a0 \u00a0 \u00a0 \u00a0 \u00a0M. Ibrahima Tour\u00e9<\/p>\n<p>28. \u00a0 \u00a0 \u00a0 \u00a0 \u00a0M. Gabriel Joseph Yac\u00e9<\/p>\n<p>29. \u00a0 \u00a0 \u00a0 \u00a0 \u00a0Mme Madiara Yao Coulibaly<\/p>\n<p>30. \u00a0 \u00a0 \u00a0 \u00a0 \u00a0M. Jean D\u00e9sir\u00e9 Yapobi<\/p>\n<p>31. \u00a0 \u00a0 \u00a0 \u00a0 \u00a0M. Justin Yebarth<\/p>\n<p>32. \u00a0 \u00a0 \u00a0 \u00a0 \u00a0M. Tiovaga Yeo<\/p>\n<p>33. \u00a0 \u00a0 \u00a0 \u00a0 \u00a0Mme Viviane Zunon-Kipr\u00e9\u00a0<\/p>\n<\/div>\n<p>Auteur: APA News<br \/>\n<a href=\"https:\/\/www.journalducameroun.com\/fr\/senat-ivoirien-nomination-des-33-membres-restants-linstitution-installee-le-11-avril\/\">Cliquez ici pour lire l&rsquo;article depuis sa source.<\/a><\/p>\n","protected":false},"excerpt":{"rendered":"<p>Publi\u00e9 le 03.04.2019 \u00e0 20h18 par APA News Le ministre, secr\u00e9taire g\u00e9n\u00e9ral de la pr\u00e9sidence de C\u00f4te d\u2019Ivoire, Patrick Achi, a d\u00e9voil\u00e9 mercredi la liste des 33 s\u00e9nateurs qui restaient \u00e0 compl\u00e9ter les membres de l\u2019institution, dont l\u2019installation solennelle est pr\u00e9vue le 11 avril 2019 \u00e0 Yamoussoukro, dans une d\u00e9claration.\u00ab Le pr\u00e9sident de la R\u00e9publique [&hellip;]<\/p>\n","protected":false},"author":1965,"featured_media":0,"comment_status":"closed","ping_status":"closed","sticky":false,"template":"","format":"standard","meta":{"fifu_image_url":"","fifu_image_alt":"","footnotes":""},"categories":[73,82],"tags":[],"class_list":["post-25762","post","type-post","status-publish","format-standard","hentry","category-actualite","category-cameroun"],"_links":{"self":[{"href":"https:\/\/linitiative.ca\/International\/wp-json\/wp\/v2\/posts\/25762","targetHints":{"allow":["GET"]}}],"collection":[{"href":"https:\/\/linitiative.ca\/International\/wp-json\/wp\/v2\/posts"}],"about":[{"href":"https:\/\/linitiative.ca\/International\/wp-json\/wp\/v2\/types\/post"}],"author":[{"embeddable":true,"href":"https:\/\/linitiative.ca\/International\/wp-json\/wp\/v2\/users\/1965"}],"replies":[{"embeddable":true,"href":"https:\/\/linitiative.ca\/International\/wp-json\/wp\/v2\/comments?post=25762"}],"version-history":[{"count":0,"href":"https:\/\/linitiative.ca\/International\/wp-json\/wp\/v2\/posts\/25762\/revisions"}],"wp:attachment":[{"href":"https:\/\/linitiative.ca\/International\/wp-json\/wp\/v2\/media?parent=25762"}],"wp:term":[{"taxonomy":"category","embeddable":true,"href":"https:\/\/linitiative.ca\/International\/wp-json\/wp\/v2\/categories?post=25762"},{"taxonomy":"post_tag","embeddable":true,"href":"https:\/\/linitiative.ca\/International\/wp-json\/wp\/v2\/tags?post=25762"}],"curies":[{"name":"wp","href":"https:\/\/api.w.org\/{rel}","templated":true}]}}