{"id":25763,"date":"2019-04-03T16:18:04","date_gmt":"2019-04-03T20:18:04","guid":{"rendered":"https:\/\/linitiative.ca\/International\/les-premieres-journees-memorielles-de-la-route-de-lesclave-de-cote-divoire-prevues-du-21-au-26-avril-prochain\/"},"modified":"2019-04-03T16:18:04","modified_gmt":"2019-04-03T20:18:04","slug":"les-premieres-journees-memorielles-de-la-route-de-lesclave-de-cote-divoire-prevues-du-21-au-26-avril-prochain","status":"publish","type":"post","link":"https:\/\/linitiative.ca\/International\/les-premieres-journees-memorielles-de-la-route-de-lesclave-de-cote-divoire-prevues-du-21-au-26-avril-prochain\/","title":{"rendered":"Les premi\u00e8res journ\u00e9es m\u00e9morielles de la route de l\u2019esclave de C\u00f4te d\u2019Ivoire pr\u00e9vues du 21 au 26 avril prochain"},"content":{"rendered":"<div readability=\"32\">\n<p>Publi\u00e9 le 03.04.2019 \u00e0 21h18 par APA News<\/p>\n<\/div>\n<div readability=\"80\">\n<p>Les premi\u00e8res journ\u00e9es m\u00e9morielles internationales de la route de l\u2019esclave de C\u00f4te d\u2019Ivoire seront organis\u00e9es du 21 au 26 avril 2019, a annonc\u00e9 mercredi le gouvernement ivoirien au terme d\u2019un Conseil des ministres pr\u00e9sid\u00e9 par le pr\u00e9sident ivoirien Alassane Ouattara.\u00ab Au titre du minist\u00e8re de la Culture et de la Francophonie en liaison avec les minist\u00e8res concern\u00e9s, le Conseil a adopt\u00e9 une communication relative \u00e0 l\u2019organisation des premi\u00e8res journ\u00e9es m\u00e9morielles internationales de la route de l\u2019esclave de C\u00f4te d\u2019Ivoire du 21 au 26 avril 2019\u00bb, a dit \u00e0 la presse, Sidi Ti\u00e9moko Tour\u00e9, le porte-parole du gouvernement ivoirien \u00e0 l\u2019issue de cette rencontre hebdomadaire de l\u2019ex\u00e9cutif.<\/p>\n<p>\u00a0Selon M. Tour\u00e9 qui est, par ailleurs, le ministre de la communication et des m\u00e9dias, ces journ\u00e9es m\u00e9morielles s\u2019inscrivent dans le cadre du programme de l\u2019organisation des Nations unies pour l\u2019\u00e9ducation, la science et la culture (UNESCO) d\u00e9nomm\u00e9 la \u00ab Route de l\u2019esclave \u00bb lanc\u00e9 en 1994 \u00e0 Ouiddah au B\u00e9nin pour mettre fin au silence autour de la traite n\u00e9gri\u00e8re et de l\u2019esclavage.<\/p>\n<p>\u00ab Il s\u2019agit plus pr\u00e9cis\u00e9ment de mener des actions visant \u00e0 la conservation dans la m\u00e9moire collective des effets de la traite n\u00e9gri\u00e8re et de l\u2019esclavage afin d\u2019inscrire dans l\u2019esprit de tous la non-reprise de ces pratiques qui ont d\u00e9shumanis\u00e9 des peuples et briser leur \u00e9lan\u00bb, a expliqu\u00e9 le porte-voix du gouvernement, soulignant que la C\u00f4te d\u2019Ivoire \u00ab entend s\u2019approprier ce programme pour mettre en lumi\u00e8re les transformations multiples et les h\u00e9ritages culturels g\u00e9n\u00e9r\u00e9s par cette trag\u00e9die \u00bb.<\/p>\n<p>Ces journ\u00e9es m\u00e9morielles pendant lesquelles la C\u00f4te d\u2019Ivoire recevra une d\u00e9l\u00e9gation du peuple Boni de Guyane (qui a su pr\u00e9server l\u2019essentiel de son identit\u00e9 africaine), \u00a0a ajout\u00e9 M. Tour\u00e9, consacrent le volet international du \u00a0\u00ab tourisme m\u00e9moriel \u00bb ivoirien.<\/p>\n<p><ins data-revive-zoneid=\"9\" data-revive-id=\"10111e19d28d19d031742ee3b0b33eb0\"\/> <\/p>\n<p>\u00ab Cette rencontre donnera vie au souvenir attach\u00e9 au site de la \u00a0Route de l\u2019esclave avec des expositions de sculptures et des tableaux de peintres ainsi que de chants et de danses\u00bb, a-t-il conclu.<\/p>\n<p>Le 06 juillet 2017, le \u00a0minist\u00e8re ivoirien de la Culture et de la Francophonie a lanc\u00e9 dans le village de Kanga Gnianz\u00e9 dans la localit\u00e9 de Tiassal\u00e9 ( 120 km au nord-ouest d\u2019Abidjan), le projet dit \u00ab La route de l\u2019esclave\u00bb devant un parterre de personnalit\u00e9s et des descendants d\u2019esclaves venus des Antilles et des Am\u00e9riques.\u00a0<\/p>\n<p>Le projet \u00ab La route de l\u2019esclave \u00bb, a entre autres pour objectif de contribuer \u00e0 une meilleure compr\u00e9hension des causes et des modalit\u00e9s de l\u2019esclavage et de la traite n\u00e9gri\u00e8re ainsi que ses enjeux et ses cons\u00e9quences dans le monde. Il s\u2019agit aussi de mettre en lumi\u00e8re les transformations globales et les \u00a0interactions culturelles issues de cette histoire.<\/p>\n<\/div>\n<p>Auteur: APA News<br \/>\n<a href=\"https:\/\/www.journalducameroun.com\/fr\/les-premieres-journees-memorielles-de-la-route-de-lesclave-de-cote-divoire-prevues-du-21-au-26-avril-prochain\/\">Cliquez ici pour lire l&rsquo;article depuis sa source.<\/a><\/p>\n","protected":false},"excerpt":{"rendered":"<p>Publi\u00e9 le 03.04.2019 \u00e0 21h18 par APA News Les premi\u00e8res journ\u00e9es m\u00e9morielles internationales de la route de l\u2019esclave de C\u00f4te d\u2019Ivoire seront organis\u00e9es du 21 au 26 avril 2019, a annonc\u00e9 mercredi le gouvernement ivoirien au terme d\u2019un Conseil des ministres pr\u00e9sid\u00e9 par le pr\u00e9sident ivoirien Alassane Ouattara.\u00ab Au titre du minist\u00e8re de la Culture [&hellip;]<\/p>\n","protected":false},"author":1965,"featured_media":0,"comment_status":"closed","ping_status":"closed","sticky":false,"template":"","format":"standard","meta":{"fifu_image_url":"","fifu_image_alt":"","footnotes":""},"categories":[73,82],"tags":[],"class_list":["post-25763","post","type-post","status-publish","format-standard","hentry","category-actualite","category-cameroun"],"_links":{"self":[{"href":"https:\/\/linitiative.ca\/International\/wp-json\/wp\/v2\/posts\/25763","targetHints":{"allow":["GET"]}}],"collection":[{"href":"https:\/\/linitiative.ca\/International\/wp-json\/wp\/v2\/posts"}],"about":[{"href":"https:\/\/linitiative.ca\/International\/wp-json\/wp\/v2\/types\/post"}],"author":[{"embeddable":true,"href":"https:\/\/linitiative.ca\/International\/wp-json\/wp\/v2\/users\/1965"}],"replies":[{"embeddable":true,"href":"https:\/\/linitiative.ca\/International\/wp-json\/wp\/v2\/comments?post=25763"}],"version-history":[{"count":0,"href":"https:\/\/linitiative.ca\/International\/wp-json\/wp\/v2\/posts\/25763\/revisions"}],"wp:attachment":[{"href":"https:\/\/linitiative.ca\/International\/wp-json\/wp\/v2\/media?parent=25763"}],"wp:term":[{"taxonomy":"category","embeddable":true,"href":"https:\/\/linitiative.ca\/International\/wp-json\/wp\/v2\/categories?post=25763"},{"taxonomy":"post_tag","embeddable":true,"href":"https:\/\/linitiative.ca\/International\/wp-json\/wp\/v2\/tags?post=25763"}],"curies":[{"name":"wp","href":"https:\/\/api.w.org\/{rel}","templated":true}]}}