{"id":25764,"date":"2019-04-03T16:18:06","date_gmt":"2019-04-03T20:18:06","guid":{"rendered":"https:\/\/linitiative.ca\/International\/le-president-egyptien-abdel-fattah-al-sissi-en-visite-damitie-et-de-travail-en-cote-divoire-du-10-au-11-avril\/"},"modified":"2019-04-03T16:18:06","modified_gmt":"2019-04-03T20:18:06","slug":"le-president-egyptien-abdel-fattah-al-sissi-en-visite-damitie-et-de-travail-en-cote-divoire-du-10-au-11-avril","status":"publish","type":"post","link":"https:\/\/linitiative.ca\/International\/le-president-egyptien-abdel-fattah-al-sissi-en-visite-damitie-et-de-travail-en-cote-divoire-du-10-au-11-avril\/","title":{"rendered":"Le pr\u00e9sident \u00e9gyptien Abdel Fattah Al Sissi en visite d\u2019amiti\u00e9 et de travail en C\u00f4te d\u2019Ivoire du 10 au 11 avril"},"content":{"rendered":"<div readability=\"32\">\n<p>Publi\u00e9 le 03.04.2019 \u00e0 21h18 par APA News<\/p>\n<\/div>\n<div readability=\"49\">\n<p>Le pr\u00e9sident de la R\u00e9publique arabe d\u2019Egypte, Abdel Fattah Al Sissi sera en \u00ab visite d\u2019amiti\u00e9 et de travail \u00bb en C\u00f4te d\u2019Ivoire du 10 au 11 avril prochain.\u00a0L\u2019annonce a \u00e9t\u00e9 faite mercredi \u00e0 Abidjan par Sidi Ti\u00e9moko Tour\u00e9, le porte-parole du gouvernement ivoirien \u00e0 l\u2019issue d\u2019un Conseil des ministres pr\u00e9sid\u00e9 par le pr\u00e9sident \u00a0Alassane Ouattara.<\/p>\n<p>\u00ab Du 10 au 11 avril 2019, la C\u00f4te d\u2019Ivoire aura l\u2019honneur de recevoir le \u00a0pr\u00e9sident de la R\u00e9publique arabe d\u2019Egypte pour une visite d\u2019amiti\u00e9 et \u00a0de travail \u00bb, a rapport\u00e9 M. Tour\u00e9 aux journalistes apr\u00e8s cette rencontre \u00a0hebdomadaire du gouvernement ivoirien.\u00a0<\/p>\n<p><ins data-revive-zoneid=\"9\" data-revive-id=\"10111e19d28d19d031742ee3b0b33eb0\"\/> <\/p>\n<p>Cette visite en terre ivoirienne \u00a0du pr\u00e9sident Egyptien Abdel Fattah Al Sissi permettra de booster la \u00a0coop\u00e9ration entre la C\u00f4te d\u2019Ivoire et l\u2019\u00c9gypte. M. Al Sissi, \u00a0rappelle-t-on, est \u00e0 la t\u00eate de la R\u00e9publique arabe d\u2019\u00c9gypte depuis \u00a02014.<\/p>\n<\/div>\n<p>Auteur: APA News<br \/>\n<a href=\"https:\/\/www.journalducameroun.com\/fr\/le-president-egyptien-abdel-fattah-al-sissi-en-visite-damitie-et-de-travail-en-cote-divoire-du-10-au-11-avril\/\">Cliquez ici pour lire l&rsquo;article depuis sa source.<\/a><\/p>\n","protected":false},"excerpt":{"rendered":"<p>Publi\u00e9 le 03.04.2019 \u00e0 21h18 par APA News Le pr\u00e9sident de la R\u00e9publique arabe d\u2019Egypte, Abdel Fattah Al Sissi sera en \u00ab visite d\u2019amiti\u00e9 et de travail \u00bb en C\u00f4te d\u2019Ivoire du 10 au 11 avril prochain.\u00a0L\u2019annonce a \u00e9t\u00e9 faite mercredi \u00e0 Abidjan par Sidi Ti\u00e9moko Tour\u00e9, le porte-parole du gouvernement ivoirien \u00e0 l\u2019issue d\u2019un [&hellip;]<\/p>\n","protected":false},"author":1965,"featured_media":0,"comment_status":"closed","ping_status":"closed","sticky":false,"template":"","format":"standard","meta":{"fifu_image_url":"","fifu_image_alt":"","footnotes":""},"categories":[73,82],"tags":[],"class_list":["post-25764","post","type-post","status-publish","format-standard","hentry","category-actualite","category-cameroun"],"_links":{"self":[{"href":"https:\/\/linitiative.ca\/International\/wp-json\/wp\/v2\/posts\/25764","targetHints":{"allow":["GET"]}}],"collection":[{"href":"https:\/\/linitiative.ca\/International\/wp-json\/wp\/v2\/posts"}],"about":[{"href":"https:\/\/linitiative.ca\/International\/wp-json\/wp\/v2\/types\/post"}],"author":[{"embeddable":true,"href":"https:\/\/linitiative.ca\/International\/wp-json\/wp\/v2\/users\/1965"}],"replies":[{"embeddable":true,"href":"https:\/\/linitiative.ca\/International\/wp-json\/wp\/v2\/comments?post=25764"}],"version-history":[{"count":0,"href":"https:\/\/linitiative.ca\/International\/wp-json\/wp\/v2\/posts\/25764\/revisions"}],"wp:attachment":[{"href":"https:\/\/linitiative.ca\/International\/wp-json\/wp\/v2\/media?parent=25764"}],"wp:term":[{"taxonomy":"category","embeddable":true,"href":"https:\/\/linitiative.ca\/International\/wp-json\/wp\/v2\/categories?post=25764"},{"taxonomy":"post_tag","embeddable":true,"href":"https:\/\/linitiative.ca\/International\/wp-json\/wp\/v2\/tags?post=25764"}],"curies":[{"name":"wp","href":"https:\/\/api.w.org\/{rel}","templated":true}]}}