{"id":25765,"date":"2019-04-03T16:50:01","date_gmt":"2019-04-03T20:50:01","guid":{"rendered":"https:\/\/linitiative.ca\/International\/avenir-des-casques-bleus-au-mali-le-conseil-de-securite-reclame-des-options\/"},"modified":"2019-04-03T16:50:01","modified_gmt":"2019-04-03T20:50:01","slug":"avenir-des-casques-bleus-au-mali-le-conseil-de-securite-reclame-des-options","status":"publish","type":"post","link":"https:\/\/linitiative.ca\/International\/avenir-des-casques-bleus-au-mali-le-conseil-de-securite-reclame-des-options\/","title":{"rendered":"Avenir des Casques bleus au Mali: le Conseil de s\u00e9curit\u00e9 r\u00e9clame des options"},"content":{"rendered":"<div readability=\"32\">\n<p>Publi\u00e9 le 03.04.2019 \u00e0 21h50 par AFP<\/p>\n<\/div>\n<div readability=\"142\">\n<p>Le Conseil de s\u00e9curit\u00e9 de l\u2019ONU a annonc\u00e9 mercredi qu\u2019il se pencherait dans les mois \u00e0 venir sur l\u2019avenir de sa mission de Casques bleus au Mali, vis\u00e9e par des roquettes dans la journ\u00e9e, en soulignant dans une d\u00e9claration adopt\u00e9e \u00e0 l\u2019unanimit\u00e9 que tout changement ne devait pas compromettre la stabilit\u00e9 du pays.<\/p>\n<p>Dans la perspective du renouvellement de son mandat en juin, il \u00ab\u00a0demande au secr\u00e9taire g\u00e9n\u00e9ral de pr\u00e9senter des options en vue d\u2019une possible adaptation significative de la Minusma (\u2026) afin que cette derni\u00e8re renforce l\u2019efficacit\u00e9 de son soutien \u00e0 la mise en oeuvre de l\u2019accord\u00a0\u00bb de paix de 2015, \u00ab\u00a0sans pour autant mettre en p\u00e9ril la stabilit\u00e9 du Mali et de sa r\u00e9gion\u00a0\u00bb, indique la d\u00e9claration r\u00e9dig\u00e9e par la France.<\/p>\n<p>Vendredi, les Etats-Unis avaient jug\u00e9 qu\u2019il \u00e9tait temps d\u2019\u00e9valuer si une mission de maintien de la paix de l\u2019ONU \u00e9tait toujours la meilleure solution au vu de l\u2019ins\u00e9curit\u00e9 qui continue de r\u00e9gner au Mali.<\/p>\n<p>En regrettant le manque de progr\u00e8s dans l\u2019application de l\u2019Accord de paix, ils avaient \u00e9t\u00e9 les premiers \u00e0 r\u00e9clamer des options \u00e0 Antonio Guterres sur l\u2019avenir des 14.000 Casques bleus d\u00e9ploy\u00e9s depuis 2013 dans le pays.<\/p>\n<p>Trois ans et demi apr\u00e8s l\u2019accord de paix de 2015, des zones enti\u00e8res du pays \u00e9chappent encore au contr\u00f4le des forces maliennes, fran\u00e7aises (Barkhane) et de l\u2019ONU, qui sont r\u00e9guli\u00e8rement vis\u00e9es par des attaques meurtri\u00e8res.<\/p>\n<p>Le camp des forces de l\u2019ONU (Minusma) et de l\u2019arm\u00e9e fran\u00e7aise \u00e0 Kidal (nord) a \u00e9t\u00e9 vis\u00e9 mercredi en d\u00e9but d\u2019apr\u00e8s-midi par des tirs d\u2019obus, selon un habitant de ce bastion de l\u2019ex-r\u00e9bellion \u00e0 dominante touareg.<\/p>\n<p>Le gouverneur de la r\u00e9gion, Sidi Mohamed Ag Icharach, a indiqu\u00e9 \u00e0 l\u2019AFP que les roquettes avaient \u00ab\u00a0d\u00e9pass\u00e9 le camp\u00a0\u00bb, ne faisant \u00ab\u00a0aucun d\u00e9g\u00e2t mat\u00e9riel\u00a0\u00bb. Un Casque bleu tchadien s\u2019est n\u00e9anmoins bless\u00e9 en sautant de son poste de garde.<\/p>\n<p>Dans sa d\u00e9claration, le Conseil de s\u00e9curit\u00e9 \u00ab\u00a0regrette vivement que plusieurs dispositions de l\u2019Accord (\u2026) n\u2019aient pas encore \u00e9t\u00e9 pleinement appliqu\u00e9es, voire amorc\u00e9es, malgr\u00e9 ses appels r\u00e9p\u00e9t\u00e9s dans ce sens, ces derniers mois\u00a0\u00bb.<\/p>\n<p>Il cite un manque de d\u00e9centralisation d\u2019administrations dans le Nord, une d\u00e9mobilisation et une r\u00e9int\u00e9gration de combattants insuffisantes.<\/p>\n<p><ins data-revive-zoneid=\"9\" data-revive-id=\"10111e19d28d19d031742ee3b0b33eb0\"\/> <\/p>\n<p>\u2013 \u00ab\u00a0Certains progr\u00e8s\u00a0\u00bb \u2013<\/p>\n<p>S\u2019il note \u00ab\u00a0certains progr\u00e8s\u00a0\u00bb depuis la pr\u00e9sidentielle de 2018, le Conseil de s\u00e9curit\u00e9 rappelle disposer de \u00ab\u00a0sanctions\u00a0\u00bb pour les contrevenants \u00e0 l\u2019accord de paix. Comme l\u2019avait r\u00e9clam\u00e9 vendredi la France, il demande au gouvernement une \u00ab\u00a0nouvelle feuille de route\u00a0\u00bb pour s\u2019y conformer pleinement.<\/p>\n<p>Vendredi, Antonio Guterres avait affirm\u00e9 voir \u00ab\u00a0de forts risques que la situation d\u00e9g\u00e9n\u00e8re\u00a0\u00bb au Mali.<\/p>\n<p>Pr\u00e9sent \u00e0 New York, le Premier ministre malien, Soumeylou Boub\u00e8ye Ma\u00efga, avait averti qu&rsquo;\u00a0\u00bbune r\u00e9duction des moyens ou des missions de la Minusma\u00a0\u00bb aurait \u00ab\u00a0des cons\u00e9quences extr\u00eamement n\u00e9gatives\u00a0\u00bb qui aboutiraient \u00ab\u00a0au final au renforcement des groupes terroristes et \u00e0 une nouvelle d\u00e9gradation de la situation\u00a0\u00bb.<\/p>\n<p>Au cours des mois de janvier, f\u00e9vrier et mars, 400 civils et 150 militaires (soldats maliens, de Barkhane et de la Minusma) ont \u00e9t\u00e9 tu\u00e9s, a par ailleurs affirm\u00e9 mercredi devant le parlement le ministre de la S\u00e9curit\u00e9 et de la Protection civile, Salif Traor\u00e9.<\/p>\n<p>Le ministre \u00e9tait interrog\u00e9 par les d\u00e9put\u00e9s sur une tuerie imput\u00e9e \u00e0 des chasseurs dogons se pr\u00e9sentant comme un \u00ab\u00a0groupe d\u2019autod\u00e9fense\u00a0\u00bb antijihadiste ayant fait quelque 160 morts le 23 mars dans le village peul d\u2019Ogossagou, pr\u00e8s de la fronti\u00e8re burkinab\u00e8. Le gouverneur de Mopti (centre), Sidi Alassane Tour\u00e9, a affirm\u00e9 mercredi \u00e0 l\u2019AFP que \u00ab\u00a0le bilan \u00e9tait de 157 morts et 65 bless\u00e9s \u00e0 ce jour\u00a0\u00bb.<\/p>\n<p>Dans un communiqu\u00e9, le Groupe de soutien \u00e0 l\u2019islam et aux musulmans (GSIM ou JNIM), principale alliance jihadiste du Sahel, li\u00e9e \u00e0 Al-Qa\u00efda, s\u2019est pr\u00e9sent\u00e9 comme le \u00ab\u00a0rempart\u00a0\u00bb des Peuls, les appelant au jihad et accusant la France de \u00ab\u00a0complicit\u00e9 totale\u00a0\u00bb.<\/p>\n<p>\u00ab\u00a0Nous disons aux crois\u00e9s fran\u00e7ais et au gouvernement fantoche de Bamako, ainsi qu\u2019\u00e0 ses milices (autant les Forces arm\u00e9es gouvernementales, gendarmerie et police que les milices dozo et autres) que votre guerre et vos agressions contre nos parents et fr\u00e8res peuls ne resteront pas sans r\u00e9ponse\u00a0\u00bb, selon le communiqu\u00e9, re\u00e7u par le centre am\u00e9ricain de surveillance des sites jihadistes SITE.<\/p>\n<\/div>\n<p>Auteur: AFP<br \/>\n<a href=\"https:\/\/www.journalducameroun.com\/fr\/avenir-des-casques-bleus-au-mali-le-conseil-de-securite-reclame-des-options\/\">Cliquez ici pour lire l&rsquo;article depuis sa source.<\/a><\/p>\n","protected":false},"excerpt":{"rendered":"<p>Publi\u00e9 le 03.04.2019 \u00e0 21h50 par AFP Le Conseil de s\u00e9curit\u00e9 de l\u2019ONU a annonc\u00e9 mercredi qu\u2019il se pencherait dans les mois \u00e0 venir sur l\u2019avenir de sa mission de Casques bleus au Mali, vis\u00e9e par des roquettes dans la journ\u00e9e, en soulignant dans une d\u00e9claration adopt\u00e9e \u00e0 l\u2019unanimit\u00e9 que tout changement ne devait pas [&hellip;]<\/p>\n","protected":false},"author":1965,"featured_media":0,"comment_status":"closed","ping_status":"closed","sticky":false,"template":"","format":"standard","meta":{"fifu_image_url":"","fifu_image_alt":"","footnotes":""},"categories":[73,82],"tags":[],"class_list":["post-25765","post","type-post","status-publish","format-standard","hentry","category-actualite","category-cameroun"],"_links":{"self":[{"href":"https:\/\/linitiative.ca\/International\/wp-json\/wp\/v2\/posts\/25765","targetHints":{"allow":["GET"]}}],"collection":[{"href":"https:\/\/linitiative.ca\/International\/wp-json\/wp\/v2\/posts"}],"about":[{"href":"https:\/\/linitiative.ca\/International\/wp-json\/wp\/v2\/types\/post"}],"author":[{"embeddable":true,"href":"https:\/\/linitiative.ca\/International\/wp-json\/wp\/v2\/users\/1965"}],"replies":[{"embeddable":true,"href":"https:\/\/linitiative.ca\/International\/wp-json\/wp\/v2\/comments?post=25765"}],"version-history":[{"count":0,"href":"https:\/\/linitiative.ca\/International\/wp-json\/wp\/v2\/posts\/25765\/revisions"}],"wp:attachment":[{"href":"https:\/\/linitiative.ca\/International\/wp-json\/wp\/v2\/media?parent=25765"}],"wp:term":[{"taxonomy":"category","embeddable":true,"href":"https:\/\/linitiative.ca\/International\/wp-json\/wp\/v2\/categories?post=25765"},{"taxonomy":"post_tag","embeddable":true,"href":"https:\/\/linitiative.ca\/International\/wp-json\/wp\/v2\/tags?post=25765"}],"curies":[{"name":"wp","href":"https:\/\/api.w.org\/{rel}","templated":true}]}}