{"id":25766,"date":"2019-04-03T16:50:03","date_gmt":"2019-04-03T20:50:03","guid":{"rendered":"https:\/\/linitiative.ca\/International\/libye-les-forces-de-haftar-annoncent-une-offensive-dans-louest-tripoli-denonce-une-escalade\/"},"modified":"2019-04-03T16:50:03","modified_gmt":"2019-04-03T20:50:03","slug":"libye-les-forces-de-haftar-annoncent-une-offensive-dans-louest-tripoli-denonce-une-escalade","status":"publish","type":"post","link":"https:\/\/linitiative.ca\/International\/libye-les-forces-de-haftar-annoncent-une-offensive-dans-louest-tripoli-denonce-une-escalade\/","title":{"rendered":"Libye: les forces de Haftar annoncent une offensive dans l\u2019Ouest, Tripoli d\u00e9nonce une \u00ab\u00a0escalade\u00a0\u00bb"},"content":{"rendered":"<div readability=\"32\">\n<p>Publi\u00e9 le 03.04.2019 \u00e0 21h50 par AFP<\/p>\n<\/div>\n<div readability=\"112\">\n<p>L\u2019Arm\u00e9e nationale libyenne (ANL) de Khalifa Haftar, homme fort de l\u2019Est du pays, a annonc\u00e9 mercredi soir qu\u2019elle pr\u00e9parait une offensive pour \u00ab\u00a0purger l\u2019Ouest\u00a0\u00bb de la Libye, dont la capitale Tripoli, \u00ab\u00a0des terroristes et des mercenaires\u00a0\u00bb.<\/p>\n<p>Le g\u00e9n\u00e9ral Ahmad al-Mesmari, porte-parole de l\u2019ANL a fait l\u2019annonce au cours d\u2019une conf\u00e9rence de presse \u00e0 Bengahzi (Est) affirmant que \u00ab\u00a0les pr\u00e9paratifs\u00a0\u00bb de l\u2019op\u00e9ration \u00ab\u00a0\u00e9taient sur le point de s\u2019achever\u00a0\u00bb.<\/p>\n<p>A Tripoli, le chef du Gouvernement d\u2019union nationale (GNA), Fayez al-Sarraj, a d\u00e9nonc\u00e9 dans un communiqu\u00e9 une \u00ab\u00a0escalade\u00a0\u00bb et des d\u00e9clarations \u00ab\u00a0provocatrices\u00a0\u00bb.<\/p>\n<p>Deux autorit\u00e9s se disputent aujourd\u2019hui le pouvoir en Libye: le GNA \u00e9tabli fin 2015 en vertu d\u2019un accord parrain\u00e9 par l\u2019ONU et bas\u00e9 \u00e0 Tripoli, et une autorit\u00e9 rivale install\u00e9e dans l\u2019Est et contr\u00f4l\u00e9e par l\u2019ANL.<\/p>\n<p>Le bureau m\u00e9dia de l\u2019ANL avait plus t\u00f4t indiqu\u00e9 via Facebook que \u00ab\u00a0sur ordre\u00a0\u00bb du mar\u00e9chal Haftar, \u00ab\u00a0plusieurs unit\u00e9s militaires s\u2019\u00e9taient dirig\u00e9es vers la r\u00e9gion Ouest pour la nettoyer de ce qu\u2019il reste des groupes terroristes\u00a0\u00bb.<\/p>\n<p>Le texte est accompagn\u00e9 d\u2019une vid\u00e9o o\u00f9 l\u2019on peut voir une colonne de dizaines de v\u00e9hicules militaires circulant sur une route.<\/p>\n<p>Il n\u2019\u00e9tait pas possible dans l\u2019imm\u00e9diat de v\u00e9rifier leur destination.<\/p>\n<p>M. Sarraj a appel\u00e9 ses rivaux, sans les nommer, \u00e0 \u00ab\u00a0arr\u00eater le langage de la menace\u00a0\u00bb, les invitant \u00e0 faire preuve \u00ab\u00a0de sagesse et de raison\u00a0\u00bb.<\/p>\n<p><ins data-revive-zoneid=\"9\" data-revive-id=\"10111e19d28d19d031742ee3b0b33eb0\"\/> <\/p>\n<p>Il a indiqu\u00e9 par ailleurs avoir ordonn\u00e9 aux forces pro-GNA de se tenir pr\u00eates pour \u00ab\u00a0faire face \u00e0 toute menace (\u2026) que ce soit des groupes terroristes, criminels, hors la loi et tout ce qui met en p\u00e9ril la s\u00e9curit\u00e9 de toute ville libyenne\u00a0\u00bb.<\/p>\n<p>M. Sarraj a rappel\u00e9 que l&rsquo;\u00a0\u00bbescalade\u00a0\u00bb annonc\u00e9e par l\u2019ANL intervient \u00e0 quelques jours de la tenue d\u2019une Conf\u00e9rence nationale sous l\u2019\u00e9gide de l\u2019ONU (14-16 avril), appel\u00e9e \u00e0 dresser une \u00ab\u00a0feuille de route\u00a0\u00bb \u00e0 m\u00eame de sortir le pays du chaos.<\/p>\n<p>\u00ab\u00a0Les Libyens y voient une lueur d\u2019espoir et une sortie de crise, une occasion pour unifier les institutions et un chemin vers des \u00e9lections\u00a0\u00bb, a-t-il dit, mettant en garde ses rivaux \u00ab\u00a0qui, avec leur discours, oeuvrent \u00e0 saper\u00a0\u00bb tout le processus.<\/p>\n<p>Le mar\u00e9chal Haftar a exprim\u00e9 \u00e0 plusieurs reprises son souhait de marcher sur la capitale, sans toutefois passer \u00e0 l\u2019acte.<\/p>\n<p>En janvier, il avait annonc\u00e9 une op\u00e9ration militaire dans le Sud-Ouest d\u00e9sertique du pays visant, selon lui, \u00e0 y \u00e9liminer les \u00ab\u00a0groupes terroristes et criminels\u00a0\u00bb.<\/p>\n<p>L\u2019ANL, qui dispose d\u00e9j\u00e0 de soutiens dans le Sud, s\u2019est empar\u00e9e sans combats, notamment de la ville de Sebha (centre) ainsi que d\u2019un important champ p\u00e9trolier plus au sud.<\/p>\n<p>Des analystes estiment toutefois que l\u2019ANL ne dispose pas de la force suffisante pour avancer dans l\u2019Ouest, avec en face de puissants groupes arm\u00e9s qui lui sont hostiles, dont en particulier ceux de Misrata.<\/p>\n<\/div>\n<p>Auteur: AFP<br \/>\n<a href=\"https:\/\/www.journalducameroun.com\/fr\/libye-les-forces-de-haftar-annoncent-une-offensive-dans-louest-tripoli-denonce-une-escalade\/\">Cliquez ici pour lire l&rsquo;article depuis sa source.<\/a><\/p>\n","protected":false},"excerpt":{"rendered":"<p>Publi\u00e9 le 03.04.2019 \u00e0 21h50 par AFP L\u2019Arm\u00e9e nationale libyenne (ANL) de Khalifa Haftar, homme fort de l\u2019Est du pays, a annonc\u00e9 mercredi soir qu\u2019elle pr\u00e9parait une offensive pour \u00ab\u00a0purger l\u2019Ouest\u00a0\u00bb de la Libye, dont la capitale Tripoli, \u00ab\u00a0des terroristes et des mercenaires\u00a0\u00bb. Le g\u00e9n\u00e9ral Ahmad al-Mesmari, porte-parole de l\u2019ANL a fait l\u2019annonce au cours [&hellip;]<\/p>\n","protected":false},"author":1965,"featured_media":0,"comment_status":"closed","ping_status":"closed","sticky":false,"template":"","format":"standard","meta":{"fifu_image_url":"","fifu_image_alt":"","footnotes":""},"categories":[73,82],"tags":[],"class_list":["post-25766","post","type-post","status-publish","format-standard","hentry","category-actualite","category-cameroun"],"_links":{"self":[{"href":"https:\/\/linitiative.ca\/International\/wp-json\/wp\/v2\/posts\/25766","targetHints":{"allow":["GET"]}}],"collection":[{"href":"https:\/\/linitiative.ca\/International\/wp-json\/wp\/v2\/posts"}],"about":[{"href":"https:\/\/linitiative.ca\/International\/wp-json\/wp\/v2\/types\/post"}],"author":[{"embeddable":true,"href":"https:\/\/linitiative.ca\/International\/wp-json\/wp\/v2\/users\/1965"}],"replies":[{"embeddable":true,"href":"https:\/\/linitiative.ca\/International\/wp-json\/wp\/v2\/comments?post=25766"}],"version-history":[{"count":0,"href":"https:\/\/linitiative.ca\/International\/wp-json\/wp\/v2\/posts\/25766\/revisions"}],"wp:attachment":[{"href":"https:\/\/linitiative.ca\/International\/wp-json\/wp\/v2\/media?parent=25766"}],"wp:term":[{"taxonomy":"category","embeddable":true,"href":"https:\/\/linitiative.ca\/International\/wp-json\/wp\/v2\/categories?post=25766"},{"taxonomy":"post_tag","embeddable":true,"href":"https:\/\/linitiative.ca\/International\/wp-json\/wp\/v2\/tags?post=25766"}],"curies":[{"name":"wp","href":"https:\/\/api.w.org\/{rel}","templated":true}]}}