{"id":25767,"date":"2019-04-03T17:18:03","date_gmt":"2019-04-03T21:18:03","guid":{"rendered":"https:\/\/linitiative.ca\/International\/cote-divoire-creation-dun-centre-des-operations-durgence-de-sante-publique\/"},"modified":"2019-04-03T17:18:03","modified_gmt":"2019-04-03T21:18:03","slug":"cote-divoire-creation-dun-centre-des-operations-durgence-de-sante-publique","status":"publish","type":"post","link":"https:\/\/linitiative.ca\/International\/cote-divoire-creation-dun-centre-des-operations-durgence-de-sante-publique\/","title":{"rendered":"C\u00f4te d\u2019Ivoire: cr\u00e9ation d\u2019un Centre des op\u00e9rations d\u2019urgence de sant\u00e9 publique"},"content":{"rendered":"<div readability=\"32\">\n<p>Publi\u00e9 le 03.04.2019 \u00e0 22h18 par APA News<\/p>\n<\/div>\n<div readability=\"73\">\n<p>La porte-parole du gouvernement ivoirien, Sidi Tour\u00e9, a annonc\u00e9 mercredi la cr\u00e9ation d\u2019un Centre des op\u00e9rations d\u2019urgence de sant\u00e9 publique en vue de pr\u00e9venir et riposter contre tout type de menaces sur la sant\u00e9 publique, \u00e0 l\u2019issue d\u2019un Conseil des ministres.\u00ab Le Centre des op\u00e9rations d\u2019urgence de sant\u00e9 publique est un \u00a0espace de surveillance des maladies et de riposte qui r\u00e9unit des \u00a0comp\u00e9tences pluridisciplinaires et multisectorielles, destin\u00e9 \u00e0 la \u00a0coordination de l\u2019information et des ressources \u00bb pour g\u00e9rer les menaces \u00a0sanitaires, a dit M. Tour\u00e9. \u00a0\u00a0<\/p>\n<p>\u00a0L\u2019Etat \u00a0ivoirien, \u00a0en mettant en place ce dispositif, \u00a0veut accro\u00eetre les \u00a0capacit\u00e9s de d\u00e9tection, de pr\u00e9vention et de riposte face \u00e0 tout type de \u00a0menaces en mati\u00e8re de sant\u00e9 publique, a fait savoir M. Sidi Tour\u00e9. \u00a0<\/p>\n<p>Il \u00a0a en outre annonc\u00e9 la mise sur pied de la plateforme nationale \u00ab Une \u00a0seule sant\u00e9 \u00bb qui s\u2019inscrit dans la mise en \u0153uvre du Programme de \u00a0s\u00e9curit\u00e9 sanitaire mondiale (global health security agenda) lanc\u00e9 en \u00a02014 dans le but d\u2019adresser efficacement les menaces inh\u00e9rentes aux \u00a0maladies infectieuses.<\/p>\n<p>Plac\u00e9e sous l\u2019autorit\u00e9 \u00a0du gouvernement, cette plateforme est compos\u00e9e de toutes les structures \u00a0publiques et priv\u00e9es nationales, des partenaires techniques et \u00a0financiers et de la soci\u00e9t\u00e9 civile, \u00e9galement impliqu\u00e9e dans la gestion \u00a0des urgences sanitaires.\u00a0<\/p>\n<p><ins data-revive-zoneid=\"9\" data-revive-id=\"10111e19d28d19d031742ee3b0b33eb0\"\/> <\/p>\n<p>Selon M. Tour\u00e9, \u00ab \u00a0cette plateforme a pour objectif d\u2019assurer la protection des populations \u00a0contre les menaces sanitaires \u00e0 travers des mesures de pr\u00e9vention, de \u00a0riposte et d\u2019\u00e9radication. Elle est \u00e9galement charg\u00e9e de coordonner les \u00a0investigations et les activit\u00e9s \u00bb sanitaires. \u00a0<\/p>\n<p>Le \u00a0Conseil a aussi adopt\u00e9 un dossier d\u2019investissement pour le financement \u00a0des priorit\u00e9s du secteur de la sant\u00e9. L\u2018Etat de C\u00f4te d\u2019Ivoire qui \u00a0consent des efforts pour adresser les probl\u00e9matiques sanitaires, pr\u00e9voit \u00a0environ 1.657 milliards pour la p\u00e9riode 2020-2024 afin d\u2019am\u00e9liorer les \u00a0indicateurs de la sant\u00e9. \u00a0<\/p>\n<\/div>\n<p>Auteur: APA News<br \/>\n<a href=\"https:\/\/www.journalducameroun.com\/fr\/cote-divoire-creation-dun-centre-des-operations-durgence-de-sante-publique\/\">Cliquez ici pour lire l&rsquo;article depuis sa source.<\/a><\/p>\n","protected":false},"excerpt":{"rendered":"<p>Publi\u00e9 le 03.04.2019 \u00e0 22h18 par APA News La porte-parole du gouvernement ivoirien, Sidi Tour\u00e9, a annonc\u00e9 mercredi la cr\u00e9ation d\u2019un Centre des op\u00e9rations d\u2019urgence de sant\u00e9 publique en vue de pr\u00e9venir et riposter contre tout type de menaces sur la sant\u00e9 publique, \u00e0 l\u2019issue d\u2019un Conseil des ministres.\u00ab Le Centre des op\u00e9rations d\u2019urgence de [&hellip;]<\/p>\n","protected":false},"author":1965,"featured_media":0,"comment_status":"closed","ping_status":"closed","sticky":false,"template":"","format":"standard","meta":{"fifu_image_url":"","fifu_image_alt":"","footnotes":""},"categories":[73,82],"tags":[],"class_list":["post-25767","post","type-post","status-publish","format-standard","hentry","category-actualite","category-cameroun"],"_links":{"self":[{"href":"https:\/\/linitiative.ca\/International\/wp-json\/wp\/v2\/posts\/25767","targetHints":{"allow":["GET"]}}],"collection":[{"href":"https:\/\/linitiative.ca\/International\/wp-json\/wp\/v2\/posts"}],"about":[{"href":"https:\/\/linitiative.ca\/International\/wp-json\/wp\/v2\/types\/post"}],"author":[{"embeddable":true,"href":"https:\/\/linitiative.ca\/International\/wp-json\/wp\/v2\/users\/1965"}],"replies":[{"embeddable":true,"href":"https:\/\/linitiative.ca\/International\/wp-json\/wp\/v2\/comments?post=25767"}],"version-history":[{"count":0,"href":"https:\/\/linitiative.ca\/International\/wp-json\/wp\/v2\/posts\/25767\/revisions"}],"wp:attachment":[{"href":"https:\/\/linitiative.ca\/International\/wp-json\/wp\/v2\/media?parent=25767"}],"wp:term":[{"taxonomy":"category","embeddable":true,"href":"https:\/\/linitiative.ca\/International\/wp-json\/wp\/v2\/categories?post=25767"},{"taxonomy":"post_tag","embeddable":true,"href":"https:\/\/linitiative.ca\/International\/wp-json\/wp\/v2\/tags?post=25767"}],"curies":[{"name":"wp","href":"https:\/\/api.w.org\/{rel}","templated":true}]}}