{"id":25807,"date":"2019-04-04T05:32:56","date_gmt":"2019-04-04T09:32:56","guid":{"rendered":"https:\/\/linitiative.ca\/International\/de-hassan-el-glaoui-aux-lumieres-africaines\/"},"modified":"2019-04-04T05:32:56","modified_gmt":"2019-04-04T09:32:56","slug":"de-hassan-el-glaoui-aux-lumieres-africaines","status":"publish","type":"post","link":"https:\/\/linitiative.ca\/International\/de-hassan-el-glaoui-aux-lumieres-africaines\/","title":{"rendered":"De Hassan El Glaoui aux lumi\u00e8res africaines\u2026"},"content":{"rendered":"<p class=\"c4\"><strong><span class=\"c2\">D<\/span><span class=\"c3\">eux belles expositions \u00e0 ne pas rater au Mus\u00e9e Mohammed VI d\u2019Art moderne et contemporain (MMVI). Une premi\u00e8re est d\u00e9di\u00e9e \u00e0 l\u2019une des figures importantes de la peinture et de la modernit\u00e9 artistique marocaine, feu Hassan El Glaoui et une deuxi\u00e8me met \u00e0 l\u2019honneur l\u2019Afrique et ses lumi\u00e8res.<\/span><\/strong><\/p>\n<p class=\"c4\">Plac\u00e9e sous le th\u00e8me \u00abSel de ma Terre\u00bb, \u00a0l\u2019exposition de Hassan El Glaoui, dont le vernissage a eu lieu le 02 avril et se poursuivra jusqu\u2019au 31 ao\u00fbt 2019, donnera \u00e0 voir une dizaine d\u2019\u0153uvres de l\u2019artiste retra\u00e7ant son parcours depuis ses d\u00e9buts dans le monde de la peinture aux derniers jours de sa carri\u00e8re artistique. \u00a0Pour ce faire, c\u2019est sa fille, Touria El Glaoui, commissaire de cette exposition, qui a imagin\u00e9 et pens\u00e9 ce parcours r\u00e9trospectif et th\u00e9matique sur\u00a0 la vie et le parcours de son p\u00e8re. Un moment solennel\u2026 et un hommage \u00e0 ce grand peintre. \u00abJe passe \u00e0 rebours les fronti\u00e8res de l\u2019enfance, me voil\u00e0 derri\u00e8re la porte, l\u00e0 o\u00f9 mon p\u00e8re s\u2019affaire en silence dans le merveilleux d\u00e9sordre de l\u2019atelier. Le vrai plaisir est nich\u00e9 \u00e0 m\u00eame le sol, derri\u00e8re les jambes du chevalet.<\/p>\n<p class=\"c4\">Je me faufile dans la cache secr\u00e8te et laisse mon esprit se bercer de mille \u00e9pop\u00e9es chevaleresques. Des fantasias de cavaliers blancs ont quitt\u00e9 le cadre du tableau et prolongent en moi leur galop immobile. Instants privil\u00e9gi\u00e9s, complicit\u00e9 muette. L\u2019homme peint et l\u2019enfant r\u00eave, \u00e0 moins que ce ne soit l\u2019inverse\u00bb, \u00e9crivait Touria El Glaoui. Les souvenirs lui reviennent \u00e0 la m\u00e9moire. Dans la premi\u00e8re salle, le public d\u00e9couvrira les dates importantes qui ont marqu\u00e9 sa vie et sa carri\u00e8re artistique en commen\u00e7ant par sa naissance, ses premiers pas dans le monde de l\u2019art,\u00a0 sa formation acad\u00e9mique, son d\u00e9part pour Paris, ses premi\u00e8res expositions, ses r\u00e9alisations,\u00a0 ses succ\u00e8s, son retour au Maroc et sa cons\u00e9cration.<\/p>\n<p class=\"c4\">\u00abL\u2019exposition donne \u00e0 voir des sc\u00e8nes enchant\u00e9es de cavaliers, peintes avec une fine dext\u00e9rit\u00e9 dans des compositions \u00e9th\u00e9r\u00e9es et \u00e9quilibr\u00e9es qui cr\u00e9ent un style unique et qui fera genre au sein de la tradition de l\u2019art figuratif marocain\u00bb, souligne Mehdi Qotbi. Hassan El Glaoui n\u2019est pas uniquement un peintre des chevaux. Dans cette exposition, l\u2019\u0153il du public appr\u00e9ciera les premi\u00e8res toiles de l\u2019artiste dans une collection plac\u00e9e sous le th\u00e8me : \u00ab\u0152uvres de prime jeunesse\u00bb. A l\u2019\u00e2ge de 24 ans, \u00e0 l\u2019\u00e9cole des Beaux-arts de Paris, l\u2019artiste commen\u00e7ait se donnait \u00e0 la peinture et peinait des portraits des membres de sa famille. \u00abCe sont des \u0153uvres qu\u2019il a faites sans entra\u00eenement ou \u00e9ducation professionnelle\u00bb, explique sa fille lors de la visite.<\/p>\n<p class=\"c4\">\u00abLe public est appel\u00e9 \u00e0 la red\u00e9couverte du charmant temp\u00e9rament pictural d\u2019un peintre passionn\u00e9 qui a plac\u00e9 son art au dessus de tout. Glaoui nous a quitt\u00e9s il y a presque un an en l\u00e9guant une riche production artistique impr\u00e9gn\u00e9e par une sensibilit\u00e9 inou\u00efe qui se voit dans le traitement lumineux des couleurs, dans les traits \u00e9lanc\u00e9s et fins d\u00e9peignant de tendres portraits, des paysages a\u00e9riens, des natures mortes po\u00e9tiques et des sc\u00e8nes de chevaux o\u00f9 culminent la beaut\u00e9 de la figuration et la prouesse de la composition\u00bb, a fait savoir Abdelaziz El Idrissi, directeur du Mus\u00e9e Mohammed VI d\u2019art moderne et contemporain.<\/p>\n<p class=\"c4\">Par ailleurs, l\u2019exposition d\u00e9voile les diff\u00e9rentes facettes de la d\u00e9marche artistique et de la vari\u00e9t\u00e9 de la palette d\u2019Hassan El Glaoui. Du cheval en passant par les portraits de famille, les\u00a0 natures mortes arrivant aux sc\u00e8nes intimistes, le d\u00e9funt puise ses inspirations dans son univers et les d\u00e9tails de son quotidien et son v\u00e9cu. \u00abGr\u00e2ce \u00e0 un parcours chronologique th\u00e9matis\u00e9, l\u2019exposition permettra aussi de faire conna\u00eetre \u00e0 un plus large public l\u2019autre facette de Glaoui, donnant \u00e0 voir ses premi\u00e8res recherches picturales et la douceur de ses natures mortes et ses portraits\u00bb, ajoute Abdelaziz El Idrissi. Le \u00abSel de ma Terre\u00a0\u00bb, pourquoi un tel th\u00e8me? Touria El Glaoui a soulign\u00e9 que l\u2019\u00e2me de cette \u00ab\u00a0expression parle de personnes qui sont tr\u00e8s altruistes, tr\u00e8s g\u00e9n\u00e9reuses et c\u2019est quelque chose que mon p\u00e8re \u00e9tait\u00bb.<\/p>\n<p class=\"c4\">En outre, les cimaises du mus\u00e9e abritent une autre exposition intitul\u00e9e \u00abLumi\u00e8res d\u2019Afriques\u00bb dont le vernissage a eu lieu mardi 2 avril et qui se poursuivra jusqu\u2019au 15 ao\u00fbt 2019. Au total, 54 artistes africains exposent leurs \u0153uvres au Mus\u00e9e Mohammed VI d\u2019Art moderne et contemporain en hommage au continent africain. Entre installation, photographie, peinture, vid\u00e9o, Tchal\u00e9 Figueira du Cap Vert, Athi-Patra Ruga du Afrique du Sud, Amina Zoubir de l\u2019Alg\u00e9rie, Gastineau Massamba du Congo, A\u00efda Muluneh Ethiopie et les autres artistes \u0153uvrent par l\u2019art pour pr\u00e9senter une Afrique lumineuse et qui sera le continent du XXIe si\u00e8cle.<\/p>\n<p class=\"c5\"><strong>Mohamed Nait Youssef<\/strong><\/p>\n<p>Auteur: rahal mehamed<br \/>\n<a href=\"http:\/\/albayane.press.ma\/de-hassan-el-glaoui-aux-lumieres-africaines.html\">Cliquez ici pour lire l&rsquo;article depuis sa source.<\/a><\/p>\n","protected":false},"excerpt":{"rendered":"<p>Deux belles expositions \u00e0 ne pas rater au Mus\u00e9e Mohammed VI d\u2019Art moderne et contemporain (MMVI). Une premi\u00e8re est d\u00e9di\u00e9e \u00e0 l\u2019une des figures importantes de la peinture et de la modernit\u00e9 artistique marocaine, feu Hassan El Glaoui et une deuxi\u00e8me met \u00e0 l\u2019honneur l\u2019Afrique et ses lumi\u00e8res. Plac\u00e9e sous le th\u00e8me \u00abSel de ma [&hellip;]<\/p>\n","protected":false},"author":1760,"featured_media":0,"comment_status":"closed","ping_status":"closed","sticky":false,"template":"","format":"standard","meta":{"fifu_image_url":"","fifu_image_alt":"","footnotes":""},"categories":[73,54],"tags":[],"class_list":["post-25807","post","type-post","status-publish","format-standard","hentry","category-actualite","category-maroc"],"_links":{"self":[{"href":"https:\/\/linitiative.ca\/International\/wp-json\/wp\/v2\/posts\/25807","targetHints":{"allow":["GET"]}}],"collection":[{"href":"https:\/\/linitiative.ca\/International\/wp-json\/wp\/v2\/posts"}],"about":[{"href":"https:\/\/linitiative.ca\/International\/wp-json\/wp\/v2\/types\/post"}],"author":[{"embeddable":true,"href":"https:\/\/linitiative.ca\/International\/wp-json\/wp\/v2\/users\/1760"}],"replies":[{"embeddable":true,"href":"https:\/\/linitiative.ca\/International\/wp-json\/wp\/v2\/comments?post=25807"}],"version-history":[{"count":0,"href":"https:\/\/linitiative.ca\/International\/wp-json\/wp\/v2\/posts\/25807\/revisions"}],"wp:attachment":[{"href":"https:\/\/linitiative.ca\/International\/wp-json\/wp\/v2\/media?parent=25807"}],"wp:term":[{"taxonomy":"category","embeddable":true,"href":"https:\/\/linitiative.ca\/International\/wp-json\/wp\/v2\/categories?post=25807"},{"taxonomy":"post_tag","embeddable":true,"href":"https:\/\/linitiative.ca\/International\/wp-json\/wp\/v2\/tags?post=25807"}],"curies":[{"name":"wp","href":"https:\/\/api.w.org\/{rel}","templated":true}]}}