{"id":25810,"date":"2019-04-04T08:44:58","date_gmt":"2019-04-04T12:44:58","guid":{"rendered":"https:\/\/linitiative.ca\/International\/tradenet-leader-national-de-la-digitalisation-a-decroche-le-prix-de-la-digitalisation-du-secteur-public-2019\/"},"modified":"2019-04-04T08:44:58","modified_gmt":"2019-04-04T12:44:58","slug":"tradenet-leader-national-de-la-digitalisation-a-decroche-le-prix-de-la-digitalisation-du-secteur-public-2019","status":"publish","type":"post","link":"https:\/\/linitiative.ca\/International\/tradenet-leader-national-de-la-digitalisation-a-decroche-le-prix-de-la-digitalisation-du-secteur-public-2019\/","title":{"rendered":"TradeNet, leader national de la digitalisation, a d\u00e9croch\u00e9 le Prix de la digitalisation du secteur public 2019"},"content":{"rendered":"<p>La soci\u00e9t\u00e9 Tunisie TradeNet, leader national de la digitalisation, a d\u00e9croch\u00e9 le Prix de la digitalisation du secteur public 2019 dans sa premi\u00e8re \u00e9dition pour son projet de la facture \u00e9lectronique: El Fatoora.<\/p>\n<p>Ce prix, d\u00e9cern\u00e9 en marge du Tunisia Digital Summit, par le Minist\u00e8re des Technologies de la Communication et de l\u2019Economie Num\u00e9rique, s\u2019inscrit dans la cat\u00e9gorie DigiGov4Business. Il est attribu\u00e9 au projet qui a fourni aux entreprises les services num\u00e9riques les plus performants ayant am\u00e9lior\u00e9 la qualit\u00e9 de service.<\/p>\n<p>Lors d\u2019une c\u00e9r\u00e9monie de remise des prix tenue le 02 Avril 2019, M. Youssef Chahed, Chef du Gouvernement, a remis le prix \u00e0 M. Ahmed Faouzi Ben Khalifa, Pr\u00e9sident Directeur G\u00e9n\u00e9ral de la soci\u00e9t\u00e9 Tunisie TradeNet, en pr\u00e9sence de M. Ridha Chalgoum, Minsitre des Finances, et M. Anouar Maarouf,\u00a0 Ministre des Technologies de la Communication et de l\u2019Economie Num\u00e9rique.<\/p>\n<p>Organisme autoris\u00e9 pour le traitement des factures \u00e9lectroniques depuis l\u2019ann\u00e9e 2016, la soci\u00e9t\u00e9 Tunisie TradeNet est aussi gestionnaire de la plateforme d\u2019\u00e9change \u00e9lectronique des formalit\u00e9s du commerce ext\u00e9rieur et du transport. Riche d\u2019une exp\u00e9rience de pr\u00e8s de 20 ans en mati\u00e8re de d\u00e9mat\u00e9rialisation, TTN a d\u00e9j\u00e0 gagn\u00e9 ses galons de leader r\u00e9gional dans la conception, la mise en \u0153uvre et la gestion de guichets uniques \u00e9lectroniques mettant en relation des intervenants des secteurs public et priv\u00e9, \u00e0 l \u2018instar des guichets uniques du commerce ext\u00e9rieur en Tunisie et dans d\u2019autres pays africains.<\/p>\n<p>Par la diversification de ses services en mati\u00e8re de digitalisation et de services en ligne, TTN ne cesse de consolider son positionnement d\u2019op\u00e9rateur cl\u00e9 dans l\u2019\u00e9conomie num\u00e9rique.<\/p>\n<p>Ce prix est le fruit de la pers\u00e9v\u00e9rance et du s\u00e9rieux du personnel de la soci\u00e9t\u00e9 qui gr\u00e2ce \u00e0 sa comp\u00e9tence et \u00e0 la riche exp\u00e9rience acquise en la mati\u00e8re, ne m\u00e9nagera aucun effort pour mener \u00e0 bien les projets de la soci\u00e9t\u00e9.<\/p>\n<div class=\"wp-post-author-wrap wp-post-author-shortcode left\">\n<h3 class=\"awpa-title\"\/>\n<div class=\"wp-post-author\">\n<div class=\"awpa-img awpa-author-block square\"><a href=\"http:\/\/lexpertjournal.net\/fr\/author\/expert\/\"><img loading=\"lazy\" decoding=\"async\" alt=\"\" src=\"http:\/\/2.gravatar.com\/avatar\/56d99be2a6f97af88ccb49fada637fcd?s=150&#038;d=mm&#038;r=g\" srcset=\"http:\/\/2.gravatar.com\/avatar\/56d99be2a6f97af88ccb49fada637fcd?s=300&#038;d=mm&#038;r=g 2x\" class=\"avatar avatar-150 photo\" height=\"150\" width=\"150\"\/><\/a><\/div>\n<\/div>\n<\/div>\n<p>Auteur: L&rsquo;expert<br \/>\n<a href=\"http:\/\/lexpertjournal.net\/fr\/2019\/04\/04\/tradenet-leader-national-de-la-digitalisation-a-decroche-le-prix-de-la-digitalisation-du-secteur-public-2019\/\">Cliquez ici pour lire l&rsquo;article depuis sa source.<\/a><\/p>\n","protected":false},"excerpt":{"rendered":"<p>La soci\u00e9t\u00e9 Tunisie TradeNet, leader national de la digitalisation, a d\u00e9croch\u00e9 le Prix de la digitalisation du secteur public 2019 dans sa premi\u00e8re \u00e9dition pour son projet de la facture \u00e9lectronique: El Fatoora. Ce prix, d\u00e9cern\u00e9 en marge du Tunisia Digital Summit, par le Minist\u00e8re des Technologies de la Communication et de l\u2019Economie Num\u00e9rique, s\u2019inscrit [&hellip;]<\/p>\n","protected":false},"author":1775,"featured_media":0,"comment_status":"closed","ping_status":"closed","sticky":false,"template":"","format":"standard","meta":{"fifu_image_url":"","fifu_image_alt":"","footnotes":""},"categories":[78,55],"tags":[],"class_list":["post-25810","post","type-post","status-publish","format-standard","hentry","category-economie","category-tunisie"],"_links":{"self":[{"href":"https:\/\/linitiative.ca\/International\/wp-json\/wp\/v2\/posts\/25810","targetHints":{"allow":["GET"]}}],"collection":[{"href":"https:\/\/linitiative.ca\/International\/wp-json\/wp\/v2\/posts"}],"about":[{"href":"https:\/\/linitiative.ca\/International\/wp-json\/wp\/v2\/types\/post"}],"author":[{"embeddable":true,"href":"https:\/\/linitiative.ca\/International\/wp-json\/wp\/v2\/users\/1775"}],"replies":[{"embeddable":true,"href":"https:\/\/linitiative.ca\/International\/wp-json\/wp\/v2\/comments?post=25810"}],"version-history":[{"count":0,"href":"https:\/\/linitiative.ca\/International\/wp-json\/wp\/v2\/posts\/25810\/revisions"}],"wp:attachment":[{"href":"https:\/\/linitiative.ca\/International\/wp-json\/wp\/v2\/media?parent=25810"}],"wp:term":[{"taxonomy":"category","embeddable":true,"href":"https:\/\/linitiative.ca\/International\/wp-json\/wp\/v2\/categories?post=25810"},{"taxonomy":"post_tag","embeddable":true,"href":"https:\/\/linitiative.ca\/International\/wp-json\/wp\/v2\/tags?post=25810"}],"curies":[{"name":"wp","href":"https:\/\/api.w.org\/{rel}","templated":true}]}}