{"id":25811,"date":"2019-04-04T12:01:46","date_gmt":"2019-04-04T16:01:46","guid":{"rendered":"https:\/\/linitiative.ca\/International\/maroua-ben-ali-elue-femme-entrepreneure-de-lannee\/"},"modified":"2019-04-04T12:01:46","modified_gmt":"2019-04-04T16:01:46","slug":"maroua-ben-ali-elue-femme-entrepreneure-de-lannee","status":"publish","type":"post","link":"https:\/\/linitiative.ca\/International\/maroua-ben-ali-elue-femme-entrepreneure-de-lannee\/","title":{"rendered":"Maroua Ben Ali \u00e9lue Femme entrepreneure de l\u2019ann\u00e9e"},"content":{"rendered":"<p>Le Manager, en partenariat avec la Fondation Friedrich Naumann pour la Libert\u00e9, ont organis\u00e9 aujourd\u2019hui mercredi , 3 Avril 2019 \u00e0 l\u2019h\u00f4tel M\u00f6venpick les Berges du Lac, la quatri\u00e8me \u00e9dition des troph\u00e9es des Femmes Entrepreneures. Cette action vise \u00e0 faire conna\u00eetre le dynamisme des entrepreneures et \u00e0 susciter de nouvelles vocations de cr\u00e9ation d\u2019entreprises. Le prix s\u2019est bas\u00e9 sur un appel \u00e0 candidature qui a d\u00e9but\u00e9 le 1er d\u00e9cembre et s\u2019est achev\u00e9 le 15 f\u00e9vrier. Le jury qui a examin\u00e9 les dossiers est pr\u00e9sid\u00e9 par Habib Karaouli, PDG CAP Bank et compos\u00e9 d\u2019Alexander Rieper, repr\u00e9sentant r\u00e9sident de la fondation Friedrich-Naumann pour la libert\u00e9, Douja Ben Mahmoud Gharbi, co-fondatrice de RedStar, Hela Ouardi, enseignante universitaire et \u00e9crivaine, Mouna Allani, CEO La Badira, Dorsaf Bejaoui, Chief HR \u00e0 Tunisie T\u00e9l\u00e9com, Dhouha Zarrouk, Directrice charg\u00e9e de la direction des risques op\u00e9rationnels \u00e0 la BNA et Sahar Mechri, Directrice ex\u00e9cutive du Manager. Les projets\u00a0 ont \u00e9t\u00e9 \u00e9valu\u00e9s sur la cr\u00e9ativit\u00e9, la p\u00e9rennit\u00e9, l\u2019impact social, soci\u00e9tal et environnemental. Cinq femmes entrepreneures \u00e9voluant dans les principaux secteurs \u00e9conomiques: TIC et Services, Agribusiness, Artisanat, et Industrie ont \u00e9t\u00e9 couronn\u00e9es.<\/p>\n<p>\u00a0Le jury a choisi pour chaque cat\u00e9gorie les laur\u00e9ates suivantes:<\/p>\n<p><strong>Maroua Ben Ali pour l\u2019industrie, le prix est sponsoris\u00e9 par la QNB.<\/strong><\/p>\n<p><strong>Intissar Mnassri pour le prix jeune pousse, le prix est sponsoris\u00e9 par la SNDP.<\/strong><\/p>\n<p><strong>Emna Ben Mustpha pour l\u2019agribusiness, le prix est sponsoris\u00e9 par Tunis RE.<\/strong><\/p>\n<p><strong>Lobna Saidi pour les services, prix\u00a0 est sponsoris\u00e9 par la Banque de l\u2019Habitat.<\/strong><\/p>\n<p><strong>Imen Sayar pour l\u2019artisanat, prix sponsoris\u00e9 par la CDC<\/strong><\/p>\n<p>Chacune a re\u00e7u un troph\u00e9e et a gagn\u00e9 un ch\u00e8que de 5 000 DT de\u00a0 l\u2019entreprise sponsor. L\u2019entrepreneure jeune pousse a re\u00e7u un ch\u00e8que de 2500 DT.<\/p>\n<p>Cette quatri\u00e8me \u00e9dition a \u00e9t\u00e9 marqu\u00e9e par un nouveau partenariat avec le r\u00e9seau Euro-Mediterranean Economists Association qui offre \u00e0 la Femme Entrepreneure de l\u2019Ann\u00e9e un programme de mentorship \u00e0 l\u2019international. \u00c9galement, un hommage a \u00e9t\u00e9 rendu au Centre d\u2019affaires de Sousse dirig\u00e9 par Mme Amel Brini pour son dynamisme et les efforts effectu\u00e9s pour encourager les femmes entrepreneures.<\/p>\n<p><strong>Qui sont les laur\u00e9ates?<\/strong><\/p>\n<p><strong>Maroua Ben Ali pour l\u2019industrie, prix QNB<\/strong><\/p>\n<p>Maroua ben Ali originaire de Bizerte,\u00e2g\u00e9e de 31 ans, est ing\u00e9nieur en g\u00e9nie biologique. En 2015, elle a lanc\u00e9 son entreprise \u201cHerb\u00e9os\u201d \u00e0 Monastir, dont la principale activit\u00e9 consiste fabriquer des produits cosm\u00e9tiques naturels. Elle dispose d\u2019une gamme vari\u00e9e de 70 produits et\u00a0 exporte en France, \u00e0 Gen\u00e8ve et vers des pays asiatiques.<\/p>\n<p><strong>Intissar Mnassri pour le prix jeune pousse, prix SNDP<\/strong><\/p>\n<p>Intissar Mnasri, originaire de Thala, \u00e2g\u00e9e de 35 ans a cr\u00e9\u00e9 son entreprise \u201cBio Thela \u201c en 2016, dont la principale activit\u00e9 est\u00a0 l\u2019extraction des huiles v\u00e9g\u00e9tales, notamment l\u2019huile de figue de Barbarie.<\/p>\n<p><strong>Emna Ben Mustpha pour l\u2019agribusiness, prix Tunis RE<\/strong><\/p>\n<p>Emna Ben Mustapha, originaire de Tunis, \u00e2g\u00e9e de 29 ans. Emna a cr\u00e9\u00e9 son entreprise \u201cAquaspir spiruline du Cap-Bon\u201d \u00e0 Nabeul, en 2015. L\u2019entreprise produit et commercialise la spiruline et ses d\u00e9riv\u00e9s. L\u2019entreprise travaille \u00e9galement sur un projet de recherche avec une universit\u00e9 pour le traitement du cancer du c\u00f4lon avec une vari\u00e9t\u00e9 de la spiruline.<\/p>\n<p><strong>Lobna Saidi pour les services, prix BH<\/strong><\/p>\n<p>Lobna Saidi, originaire de Jendouba, ag\u00e9e de 37 ans, ing\u00e9nieur agronome de formation, a d\u00e9but\u00e9 sa carri\u00e8re dans la soci\u00e9t\u00e9 civile.<\/p>\n<p>En d\u00e9cembre 2016, Lobna a cofond\u00e9 l\u2019entreprise sociale SHANTI dont la mission est la co-conception et l\u2019incubation de projets \u00e0 fort impact social, ainsi que la formation et le renforcement des capacit\u00e9s des acteurs de l\u2019innovation sociale.<\/p>\n<p><strong>Imen Sayar pour l\u2019artisanat, prix CDC<\/strong><\/p>\n<p>Imen Sayar, originaire de Ben Guerdane, \u00e2g\u00e9e de 30 ans, titulaire d\u2019une licence appliqu\u00e9e en beaux-arts, sp\u00e9cialit\u00e9 c\u00e9ramique, a fond\u00e9 son entreprise \u201d Tendance C\u00e9ramique \u201c en 2017, dont la principale activit\u00e9 est la fabrication des produits en c\u00e9ramique tels que les carreaux muraux artisanaux et les objets de d\u00e9coration.Imen a r\u00e9ussi \u00e0 trouver une formule qui permet de faire rentrer l\u2019argile du Sud dans un four \u00e9lectrique et de pouvoir donc la d\u00e9corer. Parmi ces cinq laur\u00e9ates, le jury a s\u00e9lectionn\u00e9 <strong>Maroua Ben Ali<\/strong> \u00a0pour le grand titre de Femme Entrepreneure de l\u2019Ann\u00e9e 2019.<\/p>\n<div class=\"wp-post-author-wrap wp-post-author-shortcode left\">\n<h3 class=\"awpa-title\"\/>\n<div class=\"wp-post-author\">\n<div class=\"awpa-img awpa-author-block square\"><a href=\"http:\/\/lexpertjournal.net\/fr\/author\/expert\/\"><img loading=\"lazy\" decoding=\"async\" alt=\"\" src=\"http:\/\/2.gravatar.com\/avatar\/56d99be2a6f97af88ccb49fada637fcd?s=150&#038;d=mm&#038;r=g\" srcset=\"http:\/\/2.gravatar.com\/avatar\/56d99be2a6f97af88ccb49fada637fcd?s=300&#038;d=mm&#038;r=g 2x\" class=\"avatar avatar-150 photo\" height=\"150\" width=\"150\"\/><\/a><\/div>\n<\/div>\n<\/div>\n<p>Auteur: L&rsquo;expert<br \/>\n<a href=\"http:\/\/lexpertjournal.net\/fr\/2019\/04\/04\/maroua-ben-ali-elue-femme-entrepreneure-de-lannee\/\">Cliquez ici pour lire l&rsquo;article depuis sa source.<\/a><\/p>\n","protected":false},"excerpt":{"rendered":"<p>Le Manager, en partenariat avec la Fondation Friedrich Naumann pour la Libert\u00e9, ont organis\u00e9 aujourd\u2019hui mercredi , 3 Avril 2019 \u00e0 l\u2019h\u00f4tel M\u00f6venpick les Berges du Lac, la quatri\u00e8me \u00e9dition des troph\u00e9es des Femmes Entrepreneures. Cette action vise \u00e0 faire conna\u00eetre le dynamisme des entrepreneures et \u00e0 susciter de nouvelles vocations de cr\u00e9ation d\u2019entreprises. Le [&hellip;]<\/p>\n","protected":false},"author":1775,"featured_media":0,"comment_status":"closed","ping_status":"closed","sticky":false,"template":"","format":"standard","meta":{"fifu_image_url":"","fifu_image_alt":"","footnotes":""},"categories":[78,55],"tags":[],"class_list":["post-25811","post","type-post","status-publish","format-standard","hentry","category-economie","category-tunisie"],"_links":{"self":[{"href":"https:\/\/linitiative.ca\/International\/wp-json\/wp\/v2\/posts\/25811","targetHints":{"allow":["GET"]}}],"collection":[{"href":"https:\/\/linitiative.ca\/International\/wp-json\/wp\/v2\/posts"}],"about":[{"href":"https:\/\/linitiative.ca\/International\/wp-json\/wp\/v2\/types\/post"}],"author":[{"embeddable":true,"href":"https:\/\/linitiative.ca\/International\/wp-json\/wp\/v2\/users\/1775"}],"replies":[{"embeddable":true,"href":"https:\/\/linitiative.ca\/International\/wp-json\/wp\/v2\/comments?post=25811"}],"version-history":[{"count":0,"href":"https:\/\/linitiative.ca\/International\/wp-json\/wp\/v2\/posts\/25811\/revisions"}],"wp:attachment":[{"href":"https:\/\/linitiative.ca\/International\/wp-json\/wp\/v2\/media?parent=25811"}],"wp:term":[{"taxonomy":"category","embeddable":true,"href":"https:\/\/linitiative.ca\/International\/wp-json\/wp\/v2\/categories?post=25811"},{"taxonomy":"post_tag","embeddable":true,"href":"https:\/\/linitiative.ca\/International\/wp-json\/wp\/v2\/tags?post=25811"}],"curies":[{"name":"wp","href":"https:\/\/api.w.org\/{rel}","templated":true}]}}