{"id":25828,"date":"2019-04-03T19:14:47","date_gmt":"2019-04-03T23:14:47","guid":{"rendered":"https:\/\/linitiative.ca\/International\/marrakech-exposition-photos-de-mohamed-boussacsou-avec-un-regard-sur-les-palmiers-de-la-cite-ocre\/"},"modified":"2019-04-03T19:14:47","modified_gmt":"2019-04-03T23:14:47","slug":"marrakech-exposition-photos-de-mohamed-boussacsou-avec-un-regard-sur-les-palmiers-de-la-cite-ocre","status":"publish","type":"post","link":"https:\/\/linitiative.ca\/International\/marrakech-exposition-photos-de-mohamed-boussacsou-avec-un-regard-sur-les-palmiers-de-la-cite-ocre\/","title":{"rendered":"Marrakech: Exposition-photos de Mohamed Boussacsou avec un \u00ab\u00a0Regard sur les palmiers\u00a0\u00bb de la cit\u00e9 ocre"},"content":{"rendered":"<div readability=\"34\">\n<p>Marrakech \u2013 Le Mus\u00e9e Mohammed VI pour la civilisation de l\u2019eau \u00e0 Marrakech abrite actuellement une exposition-photos de l\u2019artiste-photographe Mohamed Boussacsou sous le th\u00e8me \u00ab\u00a0Regard sur les palmiers de Marrakech\u00a0\u00bb.<\/p>\n<\/div>\n<div readability=\"77\">\n<p>Cette exposition, qui se poursuit jusqu\u2019au 30 mai prochain, offre \u00e0 d\u00e9couvrir plus d\u2019une trentaine de photos de Mohamed Boussacsou, qui se veulent une mani\u00e8re de f\u00eater l\u2019une des composantes majeures de l\u2019identit\u00e9 de Marrakech, ville et oasis de palmiers, dont les racines remontent aux temps des b\u00e2tisseurs de cette ville imp\u00e9riale.<\/p>\n<p>Cet \u00e9v\u00e9nement artistique est le fruit d\u2019un long et minutieux travail, qui a permis \u00e0 l\u2019artiste de bien saisir et r\u00e9v\u00e9ler l\u2019esth\u00e9tique du palmier,\u00a0\u00e0 travers le cycle des saisons, depuis l\u2019aurore\u00a0jusqu\u2019au cr\u00e9puscule.<\/p>\n<p>Et voil\u00e0 que toutes les manifestations esth\u00e9tiques du palmier livrent leurs secrets \u00e0 l\u2019artiste, r\u00e9v\u00e9lant en m\u00eame temps les relations que le palmier entretient avec la lumi\u00e8re, le ciel, l\u2019atmosph\u00e8re et le degr\u00e9\u00a0de la coloration de cet arbre avec l\u2019ombre.<\/p>\n<p>Outre la dimension esth\u00e9tique, cette exposition saisit l\u2019\u00e9tat\u00a0des palmiers, oscillant entre beaut\u00e9 et mis\u00e8re, et interpelle la conscience sur le danger qui guette ce patrimoine naturel, en p\u00e9ril.<\/p>\n<p>Dans ce cadre, la pr\u00e9sente exposition a pour principal objectif de manifester la beaut\u00e9 du palmier et de montrer son importance dans l\u2019\u00e9cosyst\u00e8me de l\u2019oasis. Du c\u00f4t\u00e9 du visiteur, elle aspire \u00e9galement \u00e0 \u00e9duquer l\u2019\u0153il \u00e0 regarder vers le haut, pour une meilleure jouissance de l\u2019horizon et pour lib\u00e9rer le regard.<\/p>\n<p>C\u2019est dans ce sens que l\u2019esprit de cet \u00e9v\u00e9nement artistique est en harmonie avec les buts du Mus\u00e9e Mohammed VI pour la civilisation de l\u2019eau, qui s\u2019assigne pour objectif d\u2019initier au\u00a0respect de l\u2019\u00e9cologie,\u00a0en insistant sur la valeur civilisationnelle des pratiques de gestion de l\u2019eau dans le Royaume.<\/p>\n<\/div>\n<p>Auteur: Meriem IGASS<br \/>\n<a href=\"http:\/\/www.mapmarrakech.ma\/fr\/marrakech-exposition-photos-de-mohamed-boussacsou-avec-un-regard-sur-les-palmiers-de-la-cite-ocre\/\">Cliquez ici pour lire l&rsquo;article depuis sa source.<\/a><\/p>\n","protected":false},"excerpt":{"rendered":"<p>Marrakech \u2013 Le Mus\u00e9e Mohammed VI pour la civilisation de l\u2019eau \u00e0 Marrakech abrite actuellement une exposition-photos de l\u2019artiste-photographe Mohamed Boussacsou sous le th\u00e8me \u00ab\u00a0Regard sur les palmiers de Marrakech\u00a0\u00bb. Cette exposition, qui se poursuit jusqu\u2019au 30 mai prochain, offre \u00e0 d\u00e9couvrir plus d\u2019une trentaine de photos de Mohamed Boussacsou, qui se veulent une mani\u00e8re [&hellip;]<\/p>\n","protected":false},"author":1788,"featured_media":0,"comment_status":"closed","ping_status":"closed","sticky":false,"template":"","format":"standard","meta":{"fifu_image_url":"","fifu_image_alt":"","footnotes":""},"categories":[54,76],"tags":[],"class_list":["post-25828","post","type-post","status-publish","format-standard","hentry","category-maroc","category-regions"],"_links":{"self":[{"href":"https:\/\/linitiative.ca\/International\/wp-json\/wp\/v2\/posts\/25828","targetHints":{"allow":["GET"]}}],"collection":[{"href":"https:\/\/linitiative.ca\/International\/wp-json\/wp\/v2\/posts"}],"about":[{"href":"https:\/\/linitiative.ca\/International\/wp-json\/wp\/v2\/types\/post"}],"author":[{"embeddable":true,"href":"https:\/\/linitiative.ca\/International\/wp-json\/wp\/v2\/users\/1788"}],"replies":[{"embeddable":true,"href":"https:\/\/linitiative.ca\/International\/wp-json\/wp\/v2\/comments?post=25828"}],"version-history":[{"count":0,"href":"https:\/\/linitiative.ca\/International\/wp-json\/wp\/v2\/posts\/25828\/revisions"}],"wp:attachment":[{"href":"https:\/\/linitiative.ca\/International\/wp-json\/wp\/v2\/media?parent=25828"}],"wp:term":[{"taxonomy":"category","embeddable":true,"href":"https:\/\/linitiative.ca\/International\/wp-json\/wp\/v2\/categories?post=25828"},{"taxonomy":"post_tag","embeddable":true,"href":"https:\/\/linitiative.ca\/International\/wp-json\/wp\/v2\/tags?post=25828"}],"curies":[{"name":"wp","href":"https:\/\/api.w.org\/{rel}","templated":true}]}}