{"id":25829,"date":"2019-04-03T19:53:45","date_gmt":"2019-04-03T23:53:45","guid":{"rendered":"https:\/\/linitiative.ca\/International\/le-maroc-engage-pour-une-cooperation-triangulaire-en-faveur-de-lemergence-de-lafrique-amci\/"},"modified":"2019-04-03T19:53:45","modified_gmt":"2019-04-03T23:53:45","slug":"le-maroc-engage-pour-une-cooperation-triangulaire-en-faveur-de-lemergence-de-lafrique-amci","status":"publish","type":"post","link":"https:\/\/linitiative.ca\/International\/le-maroc-engage-pour-une-cooperation-triangulaire-en-faveur-de-lemergence-de-lafrique-amci\/","title":{"rendered":"Le Maroc engag\u00e9 pour une coop\u00e9ration triangulaire en faveur de l\u2019\u00e9mergence de l\u2019Afrique (AMCI)"},"content":{"rendered":"<div readability=\"39\">\n<p>Marrakech \u2013 Le Maroc est engag\u00e9 pour une coop\u00e9ration triangulaire en faveur de l\u2019acc\u00e9l\u00e9ration de l\u2019\u00e9mergence de l\u2019Afrique, a soulign\u00e9, mercredi \u00e0 Marrakech, l\u2019ambassadeur, directeur g\u00e9n\u00e9ral de l\u2019Agence marocaine de Coop\u00e9ration Internationale, Mohamed Methqal<\/p>\n<\/div>\n<div readability=\"124\">\n<p>\u00ab\u00a0Compte tenu de son exp\u00e9rience de coop\u00e9ration avec de nombreux pays africains, le Royaume poursuivra son engagement pour une coop\u00e9ration triangulaire b\u00e9n\u00e9fique au service des populations visant \u00e0 acc\u00e9l\u00e9rer l\u2019\u00e9mergence de l\u2019Afrique, que \u00e7a soit entre autres, dans\u00a0la promotion du capital humain, le d\u00e9veloppement des infrastructures, l\u2019acc\u00e8s \u00e0 l\u2019\u00c9nergie ou la lutte contre le changement climatique\u00a0\u00bb, a dit M.\u00a0Methqal\u00a0lors d\u2019une conf\u00e9rence\u00a0sur le renforcement du r\u00f4le des Banques multilat\u00e9rales de d\u00e9veloppement et des agences de coop\u00e9ration technique encourageant la coop\u00e9ration Sud-Sud et la coop\u00e9ration triangulaire pour r\u00e9aliser les Objectifs Durables de D\u00e9veloppement (ODD), organis\u00e9e\u00a0en marge\u00a0de la\u00a044\u00e8me r\u00e9union annuelle du groupe de la Banque Islamique de D\u00e9veloppement (BID).<\/p>\n<p>Il a, \u00e0 cette occasion, qualifi\u00e9 les relations entre le Maroc et les pays d\u2019Afrique sub-saharienne de s\u00e9culaires et multi-dimensionnelles, notant qu\u2019elles sont marqu\u00e9es\u00a0de solidarit\u00e9, de respect mutuel et de promotion des id\u00e9aux communs.<\/p>\n<p>\u00ab\u00a0D\u00e8s 1986, le Maroc a cr\u00e9\u00e9 l\u2019AMCI, un outil institutionnel qui agit en \u00e9troite coordination avec le minist\u00e8re des Affaires \u00e9trang\u00e8res et de la Coop\u00e9ration internationale, pour contribuer\u00a0et renforcer la coop\u00e9ration du Royaume avec les pays partenaires\u00a0\u00bb, a rappel\u00e9 M. Methqal, notant qu\u2019une dynamique nationale s\u2019est mise en place associant notamment les secteurs public et priv\u00e9, la soci\u00e9t\u00e9 civile pour contribuer \u00e0 l\u2019\u00e9mergence d\u2019une nouvelle Afrique, forte, qui se prend en charge et dessine son avenir.<\/p>\n<p>Il s\u2019est, dans ce sens, f\u00e9licit\u00e9 du partenariat\u00a0historique\u00a0Maroc-BID, lequel a \u00e9t\u00e9 \u00e9largi au service de l\u2019acc\u00e9l\u00e9ration\u00a0du d\u00e9veloppement\u00a0africain, ajoutant que l\u2019AMCI est d\u00e9sign\u00e9e pour \u00eatre\u00a0le principal outil de partage du savoir-faire marocain avec les \u00c9tats membres de cette institution.<\/p>\n<p>Passant en revue les principaux domaines d\u2019intervention de l\u2019AMCI qui consistent \u00e0 partager le savoir-faire marocain avec les pays africains en mode bilat\u00e9rale\u00a0et triangulaire, M. Methqal a relev\u00e9 qu\u2019en terme de coop\u00e9ration acad\u00e9mique et culturelle, 30.000 personnes issues\u00a0de 47 pays\u00a0africains sont laur\u00e9ats des \u00e9tablissements marocains d\u2019enseignement\u00a0sup\u00e9rieur public depuis 1986.<\/p>\n<p>En ce qui concerne la coop\u00e9ration technique, quelque 5.000 cadres africains du secteur public ont b\u00e9n\u00e9fici\u00e9\u00a0des programmes de renforcement des capacit\u00e9s d\u00e9ploy\u00e9s par l\u2019AMCI et ses partenaires techniques dans des secteurs vitaux (Eau, \u00e9lectrification), a-t-il pr\u00e9cis\u00e9, faisant observer qu\u2019une centaine de projets de d\u00e9veloppement\u00a0humain\u00a0durable ont \u00e9t\u00e9 appuy\u00e9s dans des secteurs\u00a0sociaux et que l\u2019aide humanitaire internationale couvre une dizaine de pays en moyenne chaque ann\u00e9e<\/p>\n<p>Et d\u2019ajouter qu\u2019\u00e0 travers l\u2019AMCI, le Maroc ambitionne de cr\u00e9er\u00a0et d\u2019institutionnaliser\u00a0un r\u00e9seau national des acteurs engag\u00e9s dans la coop\u00e9ration Sud Sud, visant \u00e0 f\u00e9d\u00e9rer\u00a0l\u2019ensemble des acteurs \u00e9tatiques\u00a0et non-\u00e9tatiques engag\u00e9s en faveur de la coop\u00e9ration Sud-Sud.\u00a0Ce r\u00e9seau devrait permettre\u00a0de partager\u00a0les exp\u00e9riences, de faciliter\u00a0l\u2019\u00e9change d\u2019information et de favoriser la mobilisation de financements et le d\u00e9veloppement\u00a0d\u2019actions et d\u2019initiatives conjoints.<\/p>\n<p>Pour sa part, Mamadou Ouattara, directeur g\u00e9n\u00e9rale L\u2019Agence Malienne pour le D\u00e9veloppement de l\u2019\u00c9nergie Domestique et l\u2019\u00c9lectrification\u00a0Rurale (AMADER), a mis en avant les projets d\u2019\u00e9lectrification\u00a0rurale au Mali b\u00e9n\u00e9ficiant\u00a0de l\u2019expertise\u00a0de l\u2019ONU\u00a0ainsi que la valeur ajout\u00e9e de la coop\u00e9ration sud-sud et triangulaire, relevant que le Maroc, dans ce sens, a mis son savoir-faire au service des projets de l\u2019AMADER.<\/p>\n<p>Il a indiqu\u00e9 que la l\u2019AMADER s\u2019est inspir\u00e9e de l\u2019exp\u00e9rience du Maroc qui dispose d\u2019un bilan satisfaisant en mati\u00e8re d\u2019\u00e9lectrification rurale pour mieux raccorder les localit\u00e9s \u00e0 travers le Mali, faisant \u00e9tat aussi de la mont\u00e9e en comp\u00e9tences des \u00e9quipes engag\u00e9es dans ce projet auquel l\u2019ONU a contribu\u00e9 \u00e0 travers les \u00e9tudes de faisabilit\u00e9 et la s\u00e9lection des op\u00e9rateurs priv\u00e9es gestionnaires des installations.<\/p>\n<p>Tenue sous le Haut Patronage de SM le Roi Mohammed VI,\u00a0la 44\u00e8me r\u00e9union annuelle du Groupe de la Banque\u00a0Islamique de D\u00e9veloppement (BID) traite de \u00ab\u00a0la transformation dans un monde en\u00a0mouvement: un cheminement vers les Objectifs Durables de D\u00e9veloppement\u00a0\u00bb. Cette r\u00e9union, de trois jours, constitue l\u2019occasion de d\u00e9cortiquer\u00a0les\u00a0quatre piliers essentiels du plan quinquennal de la BID \u00e0 savoir \u00ab\u00a0les partenariats public-priv\u00e9\u00a0\u00bb, \u00ab\u00a0la science,\u00a0la technologie et l\u2019innovation\u00a0\u00bb, \u00ab\u00a0la cha\u00eene de valeurs mondiale\u00a0\u00bb et \u00ab\u00a0la finance Islamique\u00a0\u00bb.<\/p>\n<\/div>\n<p>Auteur: Meriem IGASS<br \/>\n<a href=\"http:\/\/www.mapmarrakech.ma\/fr\/le-maroc-engage-pour-une-cooperation-triangulaire-en-faveur-de-lemergence-de-lafrique\/\">Cliquez ici pour lire l&rsquo;article depuis sa source.<\/a><\/p>\n","protected":false},"excerpt":{"rendered":"<p>Marrakech \u2013 Le Maroc est engag\u00e9 pour une coop\u00e9ration triangulaire en faveur de l\u2019acc\u00e9l\u00e9ration de l\u2019\u00e9mergence de l\u2019Afrique, a soulign\u00e9, mercredi \u00e0 Marrakech, l\u2019ambassadeur, directeur g\u00e9n\u00e9ral de l\u2019Agence marocaine de Coop\u00e9ration Internationale, Mohamed Methqal \u00ab\u00a0Compte tenu de son exp\u00e9rience de coop\u00e9ration avec de nombreux pays africains, le Royaume poursuivra son engagement pour une coop\u00e9ration triangulaire [&hellip;]<\/p>\n","protected":false},"author":1788,"featured_media":0,"comment_status":"closed","ping_status":"closed","sticky":false,"template":"","format":"standard","meta":{"fifu_image_url":"","fifu_image_alt":"","footnotes":""},"categories":[54,76],"tags":[],"class_list":["post-25829","post","type-post","status-publish","format-standard","hentry","category-maroc","category-regions"],"_links":{"self":[{"href":"https:\/\/linitiative.ca\/International\/wp-json\/wp\/v2\/posts\/25829","targetHints":{"allow":["GET"]}}],"collection":[{"href":"https:\/\/linitiative.ca\/International\/wp-json\/wp\/v2\/posts"}],"about":[{"href":"https:\/\/linitiative.ca\/International\/wp-json\/wp\/v2\/types\/post"}],"author":[{"embeddable":true,"href":"https:\/\/linitiative.ca\/International\/wp-json\/wp\/v2\/users\/1788"}],"replies":[{"embeddable":true,"href":"https:\/\/linitiative.ca\/International\/wp-json\/wp\/v2\/comments?post=25829"}],"version-history":[{"count":0,"href":"https:\/\/linitiative.ca\/International\/wp-json\/wp\/v2\/posts\/25829\/revisions"}],"wp:attachment":[{"href":"https:\/\/linitiative.ca\/International\/wp-json\/wp\/v2\/media?parent=25829"}],"wp:term":[{"taxonomy":"category","embeddable":true,"href":"https:\/\/linitiative.ca\/International\/wp-json\/wp\/v2\/categories?post=25829"},{"taxonomy":"post_tag","embeddable":true,"href":"https:\/\/linitiative.ca\/International\/wp-json\/wp\/v2\/tags?post=25829"}],"curies":[{"name":"wp","href":"https:\/\/api.w.org\/{rel}","templated":true}]}}