{"id":25830,"date":"2019-04-03T20:09:18","date_gmt":"2019-04-04T00:09:18","guid":{"rendered":"https:\/\/linitiative.ca\/International\/la-bid-et-la-bad-sassocient-en-faveur-du-developpement-des-infrastructures-en-somalie\/"},"modified":"2019-04-03T20:09:18","modified_gmt":"2019-04-04T00:09:18","slug":"la-bid-et-la-bad-sassocient-en-faveur-du-developpement-des-infrastructures-en-somalie","status":"publish","type":"post","link":"https:\/\/linitiative.ca\/International\/la-bid-et-la-bad-sassocient-en-faveur-du-developpement-des-infrastructures-en-somalie\/","title":{"rendered":"La BID et la BAD s\u2019associent en faveur du d\u00e9veloppement des infrastructures en Somalie"},"content":{"rendered":"<div readability=\"38\">\n<p>Marrakech \u2013 La Banque Islamique de D\u00e9veloppement (BID) a approuv\u00e9 sa contribution de 3 millions de dollars au Fonds pour les infrastructures en Somalie (SIF) qui est g\u00e9r\u00e9 par la Banque africaine de d\u00e9veloppement (BAD), en vertu d\u2019un accord sign\u00e9, mercredi \u00e0 Marrakech, entre les deux institutions.<\/p>\n<\/div>\n<div readability=\"79\">\n<p>Cet accord a \u00e9t\u00e9 paraph\u00e9 par Mansur Mukhtar, vice-pr\u00e9sident \u00e0 BID, et Nnenna Nwabufo, adjointe du directeur g\u00e9n\u00e9ral pour la gestion globale des op\u00e9rations du bureau r\u00e9gional de l\u2019Afrique de l\u2019Est \u00e0 la BAD, en marge de la 44\u00e8 r\u00e9union annuelle de la BID.<\/p>\n<p>\u00ab\u00a0C\u2019est une importante initiative qui vise \u00e0 soutenir la Somalie dans ses efforts de d\u00e9veloppement des infrastructures ainsi que de la restauration des services sociaux de base\u00a0\u00bb, a dit M. Mukhtar dans une d\u00e9claration \u00e0 la MAP.<\/p>\n<p>Se f\u00e9licitant de cette contribution de la BID \u00e0 ce fonds, le vice-pr\u00e9sident a soulign\u00e9 que la Somalie a r\u00e9alis\u00e9 un progr\u00e8s notable en mati\u00e8re de lutte contre l\u2019ins\u00e9curit\u00e9 et les conflits. Il a, en outre, relev\u00e9 que le gouvernement somalien a consenti des efforts colossaux pour instaurer des reformes \u00e9conomiques \u00e0 m\u00eame d\u2019am\u00e9liorer les conditions de vie de la population.<\/p>\n<p>Pour sa part, Mme Nwabufo a not\u00e9 que la BAD a investi 50,6 millions de dollars dans le SIF qui a re\u00e7u des contributions de plusieurs pays, en particulier le Royaume-Uni et l\u2019Italie.<\/p>\n<p>\u00ab\u00a0Nous soutenons la Somalie pour mettre en place un institut pour l\u2019\u00e9nergie afin de d\u00e9velopper ce secteur et pour investir davantage dans la construction des routes\u00a0\u00bb, a-t-elle poursuivi, se r\u00e9jouissant du partenariat BID-BAD.<\/p>\n<p>Organis\u00e9e du 03 au 06 avril courant sous le Haut Patronage de SM le Roi Mohammed VI, la 44\u00e8 r\u00e9union annuelle du Groupe de la Banque Islamique de D\u00e9veloppement traite de la th\u00e9matique de \u00ab\u00a0la transformation dans un monde en mouvement: un cheminement vers les Objectifs Durables de D\u00e9veloppement\u00a0\u00bb.<\/p>\n<p>Cette th\u00e9matique incarne la nouvelle strat\u00e9gie port\u00e9e par la banque pour la r\u00e9alisation des Objectifs de D\u00e9veloppement Durable (ODD). A cet effet, seront d\u00e9cortiqu\u00e9s les quatre piliers essentiels du plan quinquennal de la BID, \u00e0 savoir \u00ab\u00a0les partenariats public-priv\u00e9\u00a0\u00bb, \u00ab\u00a0la science, la technologie et l\u2019innovation\u00a0\u00bb, \u00ab\u00a0la cha\u00eene de valeurs mondiale\u00a0\u00bb et \u00ab\u00a0la finance Islamique\u00a0\u00bb.<\/p>\n<\/div>\n<p>Auteur: Meriem IGASS<br \/>\n<a href=\"http:\/\/www.mapmarrakech.ma\/fr\/la-bid-et-la-bad-sassocient-en-faveur-du-developpement-des-infrastructures-en-somalie\/\">Cliquez ici pour lire l&rsquo;article depuis sa source.<\/a><\/p>\n","protected":false},"excerpt":{"rendered":"<p>Marrakech \u2013 La Banque Islamique de D\u00e9veloppement (BID) a approuv\u00e9 sa contribution de 3 millions de dollars au Fonds pour les infrastructures en Somalie (SIF) qui est g\u00e9r\u00e9 par la Banque africaine de d\u00e9veloppement (BAD), en vertu d\u2019un accord sign\u00e9, mercredi \u00e0 Marrakech, entre les deux institutions. Cet accord a \u00e9t\u00e9 paraph\u00e9 par Mansur Mukhtar, [&hellip;]<\/p>\n","protected":false},"author":1788,"featured_media":0,"comment_status":"closed","ping_status":"closed","sticky":false,"template":"","format":"standard","meta":{"fifu_image_url":"","fifu_image_alt":"","footnotes":""},"categories":[54,76],"tags":[],"class_list":["post-25830","post","type-post","status-publish","format-standard","hentry","category-maroc","category-regions"],"_links":{"self":[{"href":"https:\/\/linitiative.ca\/International\/wp-json\/wp\/v2\/posts\/25830","targetHints":{"allow":["GET"]}}],"collection":[{"href":"https:\/\/linitiative.ca\/International\/wp-json\/wp\/v2\/posts"}],"about":[{"href":"https:\/\/linitiative.ca\/International\/wp-json\/wp\/v2\/types\/post"}],"author":[{"embeddable":true,"href":"https:\/\/linitiative.ca\/International\/wp-json\/wp\/v2\/users\/1788"}],"replies":[{"embeddable":true,"href":"https:\/\/linitiative.ca\/International\/wp-json\/wp\/v2\/comments?post=25830"}],"version-history":[{"count":0,"href":"https:\/\/linitiative.ca\/International\/wp-json\/wp\/v2\/posts\/25830\/revisions"}],"wp:attachment":[{"href":"https:\/\/linitiative.ca\/International\/wp-json\/wp\/v2\/media?parent=25830"}],"wp:term":[{"taxonomy":"category","embeddable":true,"href":"https:\/\/linitiative.ca\/International\/wp-json\/wp\/v2\/categories?post=25830"},{"taxonomy":"post_tag","embeddable":true,"href":"https:\/\/linitiative.ca\/International\/wp-json\/wp\/v2\/tags?post=25830"}],"curies":[{"name":"wp","href":"https:\/\/api.w.org\/{rel}","templated":true}]}}