{"id":25844,"date":"2019-04-03T16:56:44","date_gmt":"2019-04-03T20:56:44","guid":{"rendered":"https:\/\/linitiative.ca\/International\/indh-dans-la-prefecture-doujda-angad-des-vehicules-de-transport-scolaire-pour-lensemble-des-communes-rurales\/"},"modified":"2019-04-03T16:56:44","modified_gmt":"2019-04-03T20:56:44","slug":"indh-dans-la-prefecture-doujda-angad-des-vehicules-de-transport-scolaire-pour-lensemble-des-communes-rurales","status":"publish","type":"post","link":"https:\/\/linitiative.ca\/International\/indh-dans-la-prefecture-doujda-angad-des-vehicules-de-transport-scolaire-pour-lensemble-des-communes-rurales\/","title":{"rendered":"INDH dans la pr\u00e9fecture d\u2019Oujda-Angad : Des v\u00e9hicules de transport scolaire pour l\u2019ensemble des communes rurales"},"content":{"rendered":"<div readability=\"39\">\n<p>Le wali de la r\u00e9gion de l\u2019Oriental, gouverneur de la pr\u00e9fecture d\u2019Oujda-Angad, Mouad El Jamai, a affirm\u00e9, mardi, que toutes les communes rurales relevant de la pr\u00e9fecture vont b\u00e9n\u00e9ficier dans le courant cette ann\u00e9e de v\u00e9hicules de transport scolaire.<\/p>\n<\/div>\n<div readability=\"77\">\n<p>Pr\u00e9sidant la 2\u00e8me r\u00e9union du comit\u00e9 pr\u00e9fectoral de d\u00e9veloppement humain au titre de 2019, qui rentre dans le sillage de la mise en oeuvre de la troisi\u00e8me phase de l\u2019Initiative nationale pour le d\u00e9veloppement humain (INDH), M. El Jamai a appel\u00e9 l\u2019ensemble des partenaires et acteurs locaux \u00e0 davantage de mobilisation et d\u2019engagement pour la r\u00e9alisation des diff\u00e9rents projets de l\u2019INDH au niveau du territoire de la pr\u00e9fecture d\u2019Oujda-Angad, indique un communiqu\u00e9 de la pr\u00e9fecture.<\/p>\n<p>Il a fait savoir que cette 2\u00e8me r\u00e9union se tient suite \u00e0 la r\u00e9ception, \u00e0 titre exceptionnel, des premiers versements destin\u00e9s au fonds sp\u00e9cial de l\u2019INDH, sachant que le transfert des cr\u00e9dits restant sera effectu\u00e9 apr\u00e8s l\u2019ach\u00e8vement de l\u2019op\u00e9ration de r\u00e9alisation des diagnostics participatifs et l\u2019adoption du programme pr\u00e9fectoral de d\u00e9veloppement humain par le comit\u00e9 r\u00e9gional de d\u00e9veloppement humain.<\/p>\n<p>Le wali a rappel\u00e9 \u00e0 cette occasion les importants r\u00e9sultats r\u00e9alis\u00e9s dans le cadre de l\u2019INDH durant les ann\u00e9es \u00e9coul\u00e9es, tant au niveau quantitatif que qualitatif, et l\u2019impact positif de ce chantier sur le d\u00e9veloppement des capacit\u00e9s des populations cibles et l\u2019am\u00e9lioration de leur condition de vie \u00e0 travers notamment le renforcement de l\u2019acc\u00e8s aux services et \u00e9quipements de base.<\/p>\n<p>Il a soulign\u00e9 \u00e0 cet \u00e9gard que le comit\u00e9 pr\u00e9fectoral de d\u00e9veloppement humain (CPDH) proc\u00e9dera \u00e0 l\u2019adoption d\u2019un programme pluriannuel sur la base de l\u2019analyse des diagnostics territoriaux r\u00e9alis\u00e9s par les comit\u00e9s locaux de d\u00e9veloppement humain en coordination avec l\u2019ensemble des partenaires et acteurs locaux.<\/p>\n<p>Le communiqu\u00e9 pr\u00e9cise que la r\u00e9union a \u00e9t\u00e9 marqu\u00e9e aussi par la pr\u00e9sentation, par la responsable de la Division de l\u2019action sociale, d\u2019un expos\u00e9 portant sur l\u2019\u00e9tat des lieux des projets en cours de r\u00e9alisation au niveau du territoire de la pr\u00e9fecture, en sus des projets propos\u00e9s dans le cadre de la premi\u00e8re phase au titre de 2019.<\/p>\n<p>Les d\u00e9bats intenses et fructueux engag\u00e9s \u00e0 cet effet, souligne la m\u00eame source, ont d\u00e9bouch\u00e9 sur l\u2019adoption \u00e0 l\u2019unanimit\u00e9 des membres du CPDH des projets propos\u00e9s.<\/p>\n<p>A rappeler que le nombre des projets r\u00e9alis\u00e9s lors des deux premi\u00e8res phases de l\u2019Initiative nationale pour le d\u00e9veloppement humain (INDH, 2005-2018) au niveau de la pr\u00e9fecture d\u2019Oujda-Angad a atteint 545, pour un montant global de 898 millions de dirhams (MDH).<\/p>\n<\/div>\n<p>Auteur: Soufiane ELAHMAR<br \/>\n<a href=\"http:\/\/www.mapoujda.ma\/fr\/indh-dans-la-prefecture-doujda-angad-des-vehicules-de-transport-scolaire-pour-lensemble-des-communes-rurales\/\">Cliquez ici pour lire l&rsquo;article depuis sa source.<\/a><\/p>\n","protected":false},"excerpt":{"rendered":"<p>Le wali de la r\u00e9gion de l\u2019Oriental, gouverneur de la pr\u00e9fecture d\u2019Oujda-Angad, Mouad El Jamai, a affirm\u00e9, mardi, que toutes les communes rurales relevant de la pr\u00e9fecture vont b\u00e9n\u00e9ficier dans le courant cette ann\u00e9e de v\u00e9hicules de transport scolaire. Pr\u00e9sidant la 2\u00e8me r\u00e9union du comit\u00e9 pr\u00e9fectoral de d\u00e9veloppement humain au titre de 2019, qui rentre [&hellip;]<\/p>\n","protected":false},"author":1788,"featured_media":0,"comment_status":"closed","ping_status":"closed","sticky":false,"template":"","format":"standard","meta":{"fifu_image_url":"","fifu_image_alt":"","footnotes":""},"categories":[54,76],"tags":[],"class_list":["post-25844","post","type-post","status-publish","format-standard","hentry","category-maroc","category-regions"],"_links":{"self":[{"href":"https:\/\/linitiative.ca\/International\/wp-json\/wp\/v2\/posts\/25844","targetHints":{"allow":["GET"]}}],"collection":[{"href":"https:\/\/linitiative.ca\/International\/wp-json\/wp\/v2\/posts"}],"about":[{"href":"https:\/\/linitiative.ca\/International\/wp-json\/wp\/v2\/types\/post"}],"author":[{"embeddable":true,"href":"https:\/\/linitiative.ca\/International\/wp-json\/wp\/v2\/users\/1788"}],"replies":[{"embeddable":true,"href":"https:\/\/linitiative.ca\/International\/wp-json\/wp\/v2\/comments?post=25844"}],"version-history":[{"count":0,"href":"https:\/\/linitiative.ca\/International\/wp-json\/wp\/v2\/posts\/25844\/revisions"}],"wp:attachment":[{"href":"https:\/\/linitiative.ca\/International\/wp-json\/wp\/v2\/media?parent=25844"}],"wp:term":[{"taxonomy":"category","embeddable":true,"href":"https:\/\/linitiative.ca\/International\/wp-json\/wp\/v2\/categories?post=25844"},{"taxonomy":"post_tag","embeddable":true,"href":"https:\/\/linitiative.ca\/International\/wp-json\/wp\/v2\/tags?post=25844"}],"curies":[{"name":"wp","href":"https:\/\/api.w.org\/{rel}","templated":true}]}}