{"id":25864,"date":"2019-04-04T15:14:07","date_gmt":"2019-04-04T19:14:07","guid":{"rendered":"https:\/\/linitiative.ca\/International\/international-psg-la-presse-espagnole-lache-une-bombe-sur-linteret-de-zidane-pour-rabiot\/"},"modified":"2019-04-04T15:14:07","modified_gmt":"2019-04-04T19:14:07","slug":"international-psg-la-presse-espagnole-lache-une-bombe-sur-linteret-de-zidane-pour-rabiot","status":"publish","type":"post","link":"https:\/\/linitiative.ca\/International\/international-psg-la-presse-espagnole-lache-une-bombe-sur-linteret-de-zidane-pour-rabiot\/","title":{"rendered":"International : PSG : La presse espagnole l\u00e2che une bombe sur l\u2019int\u00e9r\u00eat de Zidane pour Rabiot"},"content":{"rendered":"<div readability=\"32\">\n<p>Auteur : <span class=\"time\">jeudi 04 avril 2019 13:37<\/span><\/p>\n<\/div>\n<div id=\"post_core\" readability=\"40\">\n<p>Le feuilleton Adrien Rabiot a-t-il enfin trouv\u00e9 son issue ? Selon les derni\u00e8res informations de Geoffroy Garetier, le joueur du PSG serait en passe de se mettre d\u2019accord avec son prochain club. Et c\u2019est au Real Madrid que l\u2019international fran\u00e7ais pourrait rebondir. Cet \u00e9t\u00e9, Rabiot pourrait ainsi \u00eatre au c\u0153ur du remaniement au sein de l\u2019effectif de Zinedine Zidane. Une information qui n\u2019a pas manqu\u00e9 de faire r\u00e9agir en Espagne. Et du c\u00f4t\u00e9 de Marca, on tient \u00e0 \u00eatre clair au sujet du Parisien. Verra-t-on Adrien Rabiot sous le maillot du Real Madrid la saison prochaine ? A en croire les informations de Marca, cela ne devrait pas \u00eatre le cas. En r\u00e9ponse \u00e0 l\u2019annonce d\u2019un accord entre le joueur du PSG et Zinedine Zidane, le m\u00e9dia ib\u00e9rique annonce que les Merengue ne seraient pas du tout int\u00e9ress\u00e9s par Rabiot. Le feuilleton pourrait donc ne pas \u00eatre termin\u00e9 rapporte Le 10 Sport.<\/p>\n<p><strong>Publi\u00e9 dans :<\/strong> <span>Rabiot<\/span><\/p>\n<\/div>\n<p>Auteur:<br \/>\n<a href=\"http:\/\/www.lebuteur.com\/article\/detail?titre=psg-la-presse-espagnole-lache-une-bombe-sur-linteret-de-zidane-pour-rabiot&#038;id=87715&#038;utm_source=feedburner&#038;utm_medium=feed&#038;utm_campaign=Feed%3A+GalerieFArtciles+%28Les+derniers+articles++-+lebuteur.com%29\">Cliquez ici pour lire l&rsquo;article depuis sa source.<\/a><\/p>\n","protected":false},"excerpt":{"rendered":"<p>Auteur : jeudi 04 avril 2019 13:37 Le feuilleton Adrien Rabiot a-t-il enfin trouv\u00e9 son issue ? Selon les derni\u00e8res informations de Geoffroy Garetier, le joueur du PSG serait en passe de se mettre d\u2019accord avec son prochain club. Et c\u2019est au Real Madrid que l\u2019international fran\u00e7ais pourrait rebondir. Cet \u00e9t\u00e9, Rabiot pourrait ainsi \u00eatre [&hellip;]<\/p>\n","protected":false},"author":1738,"featured_media":25865,"comment_status":"closed","ping_status":"closed","sticky":false,"template":"","format":"standard","meta":{"fifu_image_url":"","fifu_image_alt":"","footnotes":""},"categories":[53,75],"tags":[],"class_list":["post-25864","post","type-post","status-publish","format-standard","has-post-thumbnail","hentry","category-algerie","category-sport"],"_links":{"self":[{"href":"https:\/\/linitiative.ca\/International\/wp-json\/wp\/v2\/posts\/25864","targetHints":{"allow":["GET"]}}],"collection":[{"href":"https:\/\/linitiative.ca\/International\/wp-json\/wp\/v2\/posts"}],"about":[{"href":"https:\/\/linitiative.ca\/International\/wp-json\/wp\/v2\/types\/post"}],"author":[{"embeddable":true,"href":"https:\/\/linitiative.ca\/International\/wp-json\/wp\/v2\/users\/1738"}],"replies":[{"embeddable":true,"href":"https:\/\/linitiative.ca\/International\/wp-json\/wp\/v2\/comments?post=25864"}],"version-history":[{"count":0,"href":"https:\/\/linitiative.ca\/International\/wp-json\/wp\/v2\/posts\/25864\/revisions"}],"wp:featuredmedia":[{"embeddable":true,"href":"https:\/\/linitiative.ca\/International\/wp-json\/"}],"wp:attachment":[{"href":"https:\/\/linitiative.ca\/International\/wp-json\/wp\/v2\/media?parent=25864"}],"wp:term":[{"taxonomy":"category","embeddable":true,"href":"https:\/\/linitiative.ca\/International\/wp-json\/wp\/v2\/categories?post=25864"},{"taxonomy":"post_tag","embeddable":true,"href":"https:\/\/linitiative.ca\/International\/wp-json\/wp\/v2\/tags?post=25864"}],"curies":[{"name":"wp","href":"https:\/\/api.w.org\/{rel}","templated":true}]}}