{"id":25869,"date":"2019-04-04T15:14:13","date_gmt":"2019-04-04T19:14:13","guid":{"rendered":"https:\/\/linitiative.ca\/International\/pros-al-hilal-revient-a-la-charge-pour-feghouli\/"},"modified":"2019-04-04T15:14:13","modified_gmt":"2019-04-04T19:14:13","slug":"pros-al-hilal-revient-a-la-charge-pour-feghouli","status":"publish","type":"post","link":"https:\/\/linitiative.ca\/International\/pros-al-hilal-revient-a-la-charge-pour-feghouli\/","title":{"rendered":"Pros : Al Hilal revient \u00e0 la charge pour Feghouli"},"content":{"rendered":"<div readability=\"32\">\n<p>Auteur : <span>Riad O.<\/span> <span class=\"time\">jeudi 04 avril 2019 19:44<\/span><\/p>\n<\/div>\n<div id=\"post_core\" readability=\"38\">\n<p>A en croire la presse turque, le club saoudien d\u2019Al Hilal serait revenu \u00e0 la charge pour le recrutement de Sofiane Feghouli. L\u2019on se souvient que les Saoudiens avaient tent\u00e9 de recruter Feghouli l\u2019\u00e9t\u00e9 dernier. A l\u2019\u00e9poque, les dirigeants d\u2019Al Hilal s\u2019\u00e9taient montr\u00e9s d\u00e9cid\u00e9s \u00e0 faire l\u2019effort de recruter le joueur de l\u2019EN en formulant une offre de 13 millions d\u2019euros au Galatsaray pour s\u2019attacher les services du joueur Alg\u00e9rien. Mais l\u2019ancien joueur de West Ham avait d\u00e9clin\u00e9 cette proposition. Mais selon la presse turque, la direction d\u2019Al Hilal n\u2019a toujours pas encore d\u00e9sesp\u00e9r\u00e9 de recruter Feghouli. La m\u00eame source indique aussi que les Saoudiens seraient pr\u00eats \u00e0 proposer un salaire tr\u00e8s all\u00e8chent \u00e0 Feghouli pour le pousser \u00e0 choisir leur team.<\/p>\n<p><strong>Publi\u00e9 dans :<\/strong> <span>Feghouli<\/span><\/p>\n<\/div>\n<p>Auteur:<br \/>\n<a href=\"http:\/\/www.lebuteur.com\/article\/detail?titre=al-hilal-revient-a-la-charge-pour-feghouli&#038;id=87719&#038;utm_source=feedburner&#038;utm_medium=feed&#038;utm_campaign=Feed%3A+GalerieFArtciles+%28Les+derniers+articles++-+lebuteur.com%29\">Cliquez ici pour lire l&rsquo;article depuis sa source.<\/a><\/p>\n","protected":false},"excerpt":{"rendered":"<p>Auteur : Riad O. jeudi 04 avril 2019 19:44 A en croire la presse turque, le club saoudien d\u2019Al Hilal serait revenu \u00e0 la charge pour le recrutement de Sofiane Feghouli. L\u2019on se souvient que les Saoudiens avaient tent\u00e9 de recruter Feghouli l\u2019\u00e9t\u00e9 dernier. A l\u2019\u00e9poque, les dirigeants d\u2019Al Hilal s\u2019\u00e9taient montr\u00e9s d\u00e9cid\u00e9s \u00e0 faire [&hellip;]<\/p>\n","protected":false},"author":1738,"featured_media":25870,"comment_status":"closed","ping_status":"closed","sticky":false,"template":"","format":"standard","meta":{"fifu_image_url":"","fifu_image_alt":"","footnotes":""},"categories":[53,75],"tags":[],"class_list":["post-25869","post","type-post","status-publish","format-standard","has-post-thumbnail","hentry","category-algerie","category-sport"],"_links":{"self":[{"href":"https:\/\/linitiative.ca\/International\/wp-json\/wp\/v2\/posts\/25869","targetHints":{"allow":["GET"]}}],"collection":[{"href":"https:\/\/linitiative.ca\/International\/wp-json\/wp\/v2\/posts"}],"about":[{"href":"https:\/\/linitiative.ca\/International\/wp-json\/wp\/v2\/types\/post"}],"author":[{"embeddable":true,"href":"https:\/\/linitiative.ca\/International\/wp-json\/wp\/v2\/users\/1738"}],"replies":[{"embeddable":true,"href":"https:\/\/linitiative.ca\/International\/wp-json\/wp\/v2\/comments?post=25869"}],"version-history":[{"count":0,"href":"https:\/\/linitiative.ca\/International\/wp-json\/wp\/v2\/posts\/25869\/revisions"}],"wp:featuredmedia":[{"embeddable":true,"href":"https:\/\/linitiative.ca\/International\/wp-json\/"}],"wp:attachment":[{"href":"https:\/\/linitiative.ca\/International\/wp-json\/wp\/v2\/media?parent=25869"}],"wp:term":[{"taxonomy":"category","embeddable":true,"href":"https:\/\/linitiative.ca\/International\/wp-json\/wp\/v2\/categories?post=25869"},{"taxonomy":"post_tag","embeddable":true,"href":"https:\/\/linitiative.ca\/International\/wp-json\/wp\/v2\/tags?post=25869"}],"curies":[{"name":"wp","href":"https:\/\/api.w.org\/{rel}","templated":true}]}}