{"id":25872,"date":"2019-04-03T19:00:00","date_gmt":"2019-04-03T23:00:00","guid":{"rendered":"https:\/\/linitiative.ca\/International\/cyclisme-plus-de-90-coureurs-au-premier-tour-national\/"},"modified":"2019-04-03T19:00:00","modified_gmt":"2019-04-03T23:00:00","slug":"cyclisme-plus-de-90-coureurs-au-premier-tour-national","status":"publish","type":"post","link":"https:\/\/linitiative.ca\/International\/cyclisme-plus-de-90-coureurs-au-premier-tour-national\/","title":{"rendered":"Cyclisme  :  Plus de 90 coureurs au premier tour national"},"content":{"rendered":"<p>Plus de 90 coureurs des cat\u00e9gories s\u00e9niors et juniors, issus de 30 wilayas du pays, ont pris part au premier Tour national cyclisme, lanc\u00e9 mardi dernier \u00e0 Mila.\u00a0 Organis\u00e9e par la Direction de la jeunesse et des sports (DJS) en coordination avec la ligue constantinoise de cyclisme (LCC), cette comp\u00e9tition de trois\u00a0 jours cons\u00e9cutifs, se d\u00e9roulera en trois \u00e9tapes, a indiqu\u00e9 le directeur de ce tour, Hassan Nakak, notant que \u00ab\u00a0la premi\u00e8re phase a vu la participation de 64 cyclistes repr\u00e9sentant 13 clubs, dont 4 cyclistes ayant repr\u00e9sent\u00e9 l&rsquo;Alg\u00e9rie au Championnat d&rsquo;Afrique organis\u00e9 en Ethiopie \u00e0 la mi-mars dernier\u00a0\u00bb.<br \/>\u00a0Les participants \u00e0 la premi\u00e8re \u00e9tape, qui ont parcouru une distance de 125 km, en partant de la place des martyrs (Ain Sayah) de la ville de Mila, ont travers\u00e9 neuf communes, principalement du Sud de la wilaya, avant de revenir au point de d\u00e9part. Cette premi\u00e8re manche a \u00e9t\u00e9 totalement domin\u00e9e par les coureurs du groupement sportif des p\u00e9troliers (GS P\u00e9troliers), \u00e0 savoir Abderaouf Benkaiou, Abdelah Benyoucef et Azzedine La\u00e2gab qui ont remport\u00e9 respectivement les trois premi\u00e8res places du classement.<br \/>La m\u00eame \u00e9quipe est parvenue \u00e9galement \u00e0 arracher la premi\u00e8re et la deuxi\u00e8me place du classement chez les juniors, gr\u00e2ce \u00e0 une belle prestation\u00a0\u00a0 des coureurs Ayoub Sahiri et Seddik Benganif, alors que la troisi\u00e8me place est revenue au cycliste Hayth\u00e8me Kouari du CV Sidi Bel Abbes.<br \/>\u00a0La deuxi\u00e8me \u00e9tape de ce tour, pr\u00e9vue pour mardi, aura lieu dans un circuit ferm\u00e9 de 84 km qui sera trac\u00e9 dans la ville de Mila, selon les organisateurs de cet \u00e9v\u00e8nement qui ont assur\u00e9 que la troisi\u00e8me phase sera organis\u00e9e dans un parcours de 148 km, o\u00f9 les cyclistes traverseront, en partant de la ville de Mila, neuf communes du Nord de la wilaya, principalement montagneuses, avant de revenir au point de d\u00e9part.<br \/>Selon le directeur de ce tour, la r\u00e9gion de Mila est dot\u00e9e de pistes cyclables \u00ab\u00a0appropri\u00e9es techniquement\u00a0\u00bb pour abriter de tels \u00e9v\u00e8nements sportifs nationaux, notant que la wilaya de Mila avait accueilli en 2016 le Tour d&rsquo;Alg\u00e9rie cyclisme.<\/p>\n<p>Auteur: elmoudjahid<br \/>\n<a href=\"http:\/\/www.elmoudjahid.com\/fr\/actualites\/135479\">Cliquez ici pour lire l&rsquo;article depuis sa source.<\/a><\/p>\n","protected":false},"excerpt":{"rendered":"<p>Plus de 90 coureurs des cat\u00e9gories s\u00e9niors et juniors, issus de 30 wilayas du pays, ont pris part au premier Tour national cyclisme, lanc\u00e9 mardi dernier \u00e0 Mila.\u00a0 Organis\u00e9e par la Direction de la jeunesse et des sports (DJS) en coordination avec la ligue constantinoise de cyclisme (LCC), cette comp\u00e9tition de trois\u00a0 jours cons\u00e9cutifs, se [&hellip;]<\/p>\n","protected":false},"author":1744,"featured_media":0,"comment_status":"closed","ping_status":"closed","sticky":false,"template":"","format":"standard","meta":{"fifu_image_url":"","fifu_image_alt":"","footnotes":""},"categories":[73,53],"tags":[],"class_list":["post-25872","post","type-post","status-publish","format-standard","hentry","category-actualite","category-algerie"],"_links":{"self":[{"href":"https:\/\/linitiative.ca\/International\/wp-json\/wp\/v2\/posts\/25872","targetHints":{"allow":["GET"]}}],"collection":[{"href":"https:\/\/linitiative.ca\/International\/wp-json\/wp\/v2\/posts"}],"about":[{"href":"https:\/\/linitiative.ca\/International\/wp-json\/wp\/v2\/types\/post"}],"author":[{"embeddable":true,"href":"https:\/\/linitiative.ca\/International\/wp-json\/wp\/v2\/users\/1744"}],"replies":[{"embeddable":true,"href":"https:\/\/linitiative.ca\/International\/wp-json\/wp\/v2\/comments?post=25872"}],"version-history":[{"count":0,"href":"https:\/\/linitiative.ca\/International\/wp-json\/wp\/v2\/posts\/25872\/revisions"}],"wp:attachment":[{"href":"https:\/\/linitiative.ca\/International\/wp-json\/wp\/v2\/media?parent=25872"}],"wp:term":[{"taxonomy":"category","embeddable":true,"href":"https:\/\/linitiative.ca\/International\/wp-json\/wp\/v2\/categories?post=25872"},{"taxonomy":"post_tag","embeddable":true,"href":"https:\/\/linitiative.ca\/International\/wp-json\/wp\/v2\/tags?post=25872"}],"curies":[{"name":"wp","href":"https:\/\/api.w.org\/{rel}","templated":true}]}}