{"id":25873,"date":"2019-04-03T19:00:00","date_gmt":"2019-04-03T23:00:00","guid":{"rendered":"https:\/\/linitiative.ca\/International\/prix-marc-vivien-foe-youcef-atal-parmi-les-11-finalistes\/"},"modified":"2019-04-03T19:00:00","modified_gmt":"2019-04-03T23:00:00","slug":"prix-marc-vivien-foe-youcef-atal-parmi-les-11-finalistes","status":"publish","type":"post","link":"https:\/\/linitiative.ca\/International\/prix-marc-vivien-foe-youcef-atal-parmi-les-11-finalistes\/","title":{"rendered":"Prix Marc- Vivien-Fo\u00e9 : Youcef Atal parmi les 11 finalistes"},"content":{"rendered":"<p>L&rsquo;international alg\u00e9rien de l&rsquo;OGC Nice Youcef Atal a \u00e9t\u00e9 nomm\u00e9 pour le prix Marc-Vivien-Fo\u00e9 r\u00e9compensant le meilleur joueur africain du championnat de France de Ligue-1, rapporte mardi RFI.<br \/>Le jeune lat\u00e9ral alg\u00e9rien a r\u00e9ussi une tr\u00e8s belle premi\u00e8re saison en Ligue-1 sous le maillot de l&rsquo;OGC Nice. L&rsquo;activit\u00e9 aux deux bouts du terrain de l&rsquo;ancien joueur de Paradou a s\u00e9duit en particulier son entra\u00eeneur Patrick Vieira. Ag\u00e9 de 22 ans, Atal est incontestablement l&rsquo;une des r\u00e9v\u00e9lations du championnat cette saison. Le d\u00e9fenseur alg\u00e9rien devra faire face \u00e0 de nombreux et talentueux joueurs en Ligue 1 cette saison, \u00e0 l&rsquo;instar du Tunisien Wahbi Khazri, du Burkinab\u00e8 Bertrand Traor\u00e9 ou de l&rsquo;Ivoirien Nicolas P\u00e9p\u00e9 qui est le favori pour\u00a0\u00a0 obtenir ce titre gr\u00e2ce \u00e0 son excellente saison sous les couleurs de Lille. Pour rappel, aucun joueur alg\u00e9rien n&rsquo;est parvenu \u00e0 remporter ce titre depuis sa cr\u00e9ation en 2008. \u00a0<br \/>Liste des 11 finalistes : Yunis Abdelhamid (Reims\/Maroc), Youcef Atal (Nice\/Alg\u00e9rie), St\u00e9phane Bahoken (Angers\/Cameroun), Denis Bouanga (N\u00eemes\/Gabon), Max-Alain Gradel (Toulouse\/ C\u00f4te d&rsquo;Ivoire), Fran\u00e7ois Kamano\u00a0\u00a0 (Bordeaux\/Guin\u00e9e), Wahbi Khazri (Saint-Etienne\/Tunisie), Lebo Mothiba\u00a0\u00a0 (Strasbourg\/Afrique du Sud), Nicolas Pepe (Lille\/C\u00f4te d&rsquo;Ivoire), Ismail Sarr (Rennes\/S\u00e9n\u00e9gal), Bertrand Traor\u00e9 (Lyon\/Burkina Faso).<\/p>\n<p>Auteur: elmoudjahid<br \/>\n<a href=\"http:\/\/www.elmoudjahid.com\/fr\/actualites\/135480\">Cliquez ici pour lire l&rsquo;article depuis sa source.<\/a><\/p>\n","protected":false},"excerpt":{"rendered":"<p>L&rsquo;international alg\u00e9rien de l&rsquo;OGC Nice Youcef Atal a \u00e9t\u00e9 nomm\u00e9 pour le prix Marc-Vivien-Fo\u00e9 r\u00e9compensant le meilleur joueur africain du championnat de France de Ligue-1, rapporte mardi RFI.Le jeune lat\u00e9ral alg\u00e9rien a r\u00e9ussi une tr\u00e8s belle premi\u00e8re saison en Ligue-1 sous le maillot de l&rsquo;OGC Nice. L&rsquo;activit\u00e9 aux deux bouts du terrain de l&rsquo;ancien joueur [&hellip;]<\/p>\n","protected":false},"author":1744,"featured_media":0,"comment_status":"closed","ping_status":"closed","sticky":false,"template":"","format":"standard","meta":{"fifu_image_url":"","fifu_image_alt":"","footnotes":""},"categories":[73,53],"tags":[],"class_list":["post-25873","post","type-post","status-publish","format-standard","hentry","category-actualite","category-algerie"],"_links":{"self":[{"href":"https:\/\/linitiative.ca\/International\/wp-json\/wp\/v2\/posts\/25873","targetHints":{"allow":["GET"]}}],"collection":[{"href":"https:\/\/linitiative.ca\/International\/wp-json\/wp\/v2\/posts"}],"about":[{"href":"https:\/\/linitiative.ca\/International\/wp-json\/wp\/v2\/types\/post"}],"author":[{"embeddable":true,"href":"https:\/\/linitiative.ca\/International\/wp-json\/wp\/v2\/users\/1744"}],"replies":[{"embeddable":true,"href":"https:\/\/linitiative.ca\/International\/wp-json\/wp\/v2\/comments?post=25873"}],"version-history":[{"count":0,"href":"https:\/\/linitiative.ca\/International\/wp-json\/wp\/v2\/posts\/25873\/revisions"}],"wp:attachment":[{"href":"https:\/\/linitiative.ca\/International\/wp-json\/wp\/v2\/media?parent=25873"}],"wp:term":[{"taxonomy":"category","embeddable":true,"href":"https:\/\/linitiative.ca\/International\/wp-json\/wp\/v2\/categories?post=25873"},{"taxonomy":"post_tag","embeddable":true,"href":"https:\/\/linitiative.ca\/International\/wp-json\/wp\/v2\/tags?post=25873"}],"curies":[{"name":"wp","href":"https:\/\/api.w.org\/{rel}","templated":true}]}}