{"id":25876,"date":"2019-04-03T19:00:00","date_gmt":"2019-04-03T23:00:00","guid":{"rendered":"https:\/\/linitiative.ca\/International\/dans-la-lucarne-le-real-voit-grand\/"},"modified":"2019-04-03T19:00:00","modified_gmt":"2019-04-03T23:00:00","slug":"dans-la-lucarne-le-real-voit-grand","status":"publish","type":"post","link":"https:\/\/linitiative.ca\/International\/dans-la-lucarne-le-real-voit-grand\/","title":{"rendered":"Dans la lucarne :   Le Real voit \u00ab grand \u00bb"},"content":{"rendered":"<p>Les clubs qui remportent \u00e9norm\u00e9ment de troph\u00e9es restent pour le moins \u00ab immortels \u00bb. C&rsquo;est-\u00e0-dire que malgr\u00e9 leur baisse de forme au cours de leurs parcours, ils finiront toujours par revenir au devant de la sc\u00e8ne et ce pour montrer qu\u2019ils restent comme ils ont toujours \u00e9t\u00e9. Le Real de Di St\u00e9fano, Koppa, Ginto, Michel, Sanchis, Saramania, Juanito, Butragueno, Sanchez, Raul, Nestelroy, Zidane, Karembeu, Ronaldo, le Br\u00e9silien et le Portugais, Zidane et les autres ne peuvent \u00ab mourir \u00bb. Comme le \u00ab sphinx\u00bb, ils rena\u00eetront toujours de leurs cendres. C\u2019est un peu la situation qui est le v\u00e9cu quotidien des f\u00e9rus de ce club galactique, hors du commun. C\u2019est vrai que ce club, qui est la fiert\u00e9 de la ville de Madrid, n\u2019est pas au mieux de sa forme et de ses performances. Il faut aussi admettre que ce qu\u2019il avait r\u00e9ussi depuis l\u2019ann\u00e9e 2014 est certainement unique dans le football europ\u00e9en. En effet, il avait remport\u00e9 en cinq ans quatre ligues des champions. Une \u00abperf \u00bb qui \u00e9clipse ce que les autres clubs avaient fait \u00e0 l\u2019instar du Bar\u00e7a, le Bayern de Munich, la Juventus ou Manchesrer United pour ne citer que ces clubs mondialement connus. Apr\u00e8s une telle performance, les envies et les motivations ne sont plus les m\u00eames. Les forces s\u2019\u00e9tiolent et les efforts ne sont plus soutenus. De plus, lorsque vous rater la \u00ab Copa d\u2019El Rey \u00bb, la Ligue des champions et m\u00eame la Ligua espagnole, les c\u0153urs ne sont plus aussi \u00ab chauds \u00bb. Ils ne battent plus comme avant. Ils auront, peut-\u00eatre, d\u2019autres sensations, surtout que certains de vos \u00ab cadres \u00bb voudront changer d\u2019air. C\u2019est la vie et personne n\u2019y peut rien. Cristiano et Zidane sont partis et le Real comme \u00ab Samson sans cheveux \u00bb n\u2019a plus la m\u00eame force ou prestance. Zidane est revenu \u00e0 la \u00ab maison Madrid \u00bb qui n\u2019\u00e9tait plus la m\u00eame sur tous les plans. La Ligue espagnole a m\u00eame perdu de sa valeur. Messi, sans la concurrence de Cristiano est, au fond, redevenu un autre joueur presque sans concurrents. Zidane qui n\u2019arrive que difficilement \u00e0 motiver ses joueurs dira : \u00ab Il n\u2019est pas facile de remotiver les joueurs lorsqu\u2019ils ont tout perdu durant la pr\u00e9sente saison. Il faudra d\u00e9sormais penser \u00e0 reconstruire l\u2019avenir \u00bb. Les propos prof\u00e9r\u00e9s par Zidane sont cens\u00e9s car le Real est \u00e0 reconstruire ou presque lors de la prochaine saison 2019\/2020. Il va se renforcer comme jamais, eu \u00e9gard au \u00ab faramineux budget \u00bb\u00a0 que le pr\u00e9sident du club, Florentino Perez, va rassembler (plus de 400 000 d\u2019euros) en vue d\u2019acheter \u00ee les \u00ab stars cibl\u00e9es\u00bb. Une bonne brochette de joueurs qui dominent sur le plan europ\u00e9en pourrait venir au Real Madrid. Elles sont connues d\u2019ailleurs comme Mpappe, Hazard, Kane et bien d\u2019autres joueurs \u00e9voluant au Br\u00e9sil, d\u2019Allemagne et m\u00eame de Hollande. A vrai dire Zidane a re\u00e7u \u00ab carte blanche\u00bb pour ramener les renforts souhait\u00e9s dans les trois compartiments de jeu afin d\u2019augmenter la \u00ab force de frappe \u00bb du Real en attaque, mais aussi \u00ab l\u2019agressivit\u00e9\u00bb au niveau du milieu et surtout de la d\u00e9fense o\u00f9 il y a des \u00ab manques\u00bb flagrants \u00bb. Il est certain qu\u2019il ne va pas provoquer un chamboulement radical, mais le \u00ab d\u00e9lestage \u00bb n\u2019est pas \u00e0 exclure. Le Real de la saison qui pointe \u00e0 l\u2019horizon ne sera pas \u00e0 la port\u00e9e du premier venu. C\u2019est presque une certitude !<br \/><strong>Hamid Gharbi<\/strong><\/p>\n<p>Auteur: elmoudjahid<br \/>\n<a href=\"http:\/\/www.elmoudjahid.com\/fr\/actualites\/135483\">Cliquez ici pour lire l&rsquo;article depuis sa source.<\/a><\/p>\n","protected":false},"excerpt":{"rendered":"<p>Les clubs qui remportent \u00e9norm\u00e9ment de troph\u00e9es restent pour le moins \u00ab immortels \u00bb. C&rsquo;est-\u00e0-dire que malgr\u00e9 leur baisse de forme au cours de leurs parcours, ils finiront toujours par revenir au devant de la sc\u00e8ne et ce pour montrer qu\u2019ils restent comme ils ont toujours \u00e9t\u00e9. Le Real de Di St\u00e9fano, Koppa, Ginto, Michel, [&hellip;]<\/p>\n","protected":false},"author":1744,"featured_media":0,"comment_status":"closed","ping_status":"closed","sticky":false,"template":"","format":"standard","meta":{"fifu_image_url":"","fifu_image_alt":"","footnotes":""},"categories":[73,53],"tags":[],"class_list":["post-25876","post","type-post","status-publish","format-standard","hentry","category-actualite","category-algerie"],"_links":{"self":[{"href":"https:\/\/linitiative.ca\/International\/wp-json\/wp\/v2\/posts\/25876","targetHints":{"allow":["GET"]}}],"collection":[{"href":"https:\/\/linitiative.ca\/International\/wp-json\/wp\/v2\/posts"}],"about":[{"href":"https:\/\/linitiative.ca\/International\/wp-json\/wp\/v2\/types\/post"}],"author":[{"embeddable":true,"href":"https:\/\/linitiative.ca\/International\/wp-json\/wp\/v2\/users\/1744"}],"replies":[{"embeddable":true,"href":"https:\/\/linitiative.ca\/International\/wp-json\/wp\/v2\/comments?post=25876"}],"version-history":[{"count":0,"href":"https:\/\/linitiative.ca\/International\/wp-json\/wp\/v2\/posts\/25876\/revisions"}],"wp:attachment":[{"href":"https:\/\/linitiative.ca\/International\/wp-json\/wp\/v2\/media?parent=25876"}],"wp:term":[{"taxonomy":"category","embeddable":true,"href":"https:\/\/linitiative.ca\/International\/wp-json\/wp\/v2\/categories?post=25876"},{"taxonomy":"post_tag","embeddable":true,"href":"https:\/\/linitiative.ca\/International\/wp-json\/wp\/v2\/tags?post=25876"}],"curies":[{"name":"wp","href":"https:\/\/api.w.org\/{rel}","templated":true}]}}