{"id":25878,"date":"2019-04-03T19:00:00","date_gmt":"2019-04-03T23:00:00","guid":{"rendered":"https:\/\/linitiative.ca\/International\/produits-pharmaceutiques-liberer-les-programmes-dimportation\/"},"modified":"2019-04-03T19:00:00","modified_gmt":"2019-04-03T23:00:00","slug":"produits-pharmaceutiques-liberer-les-programmes-dimportation","status":"publish","type":"post","link":"https:\/\/linitiative.ca\/International\/produits-pharmaceutiques-liberer-les-programmes-dimportation\/","title":{"rendered":"Produits pharmaceutiques  : Lib\u00e9rer les programmes d\u2019importation"},"content":{"rendered":"<p>La lib\u00e9ration des programmes pr\u00e9visionnels d\u2019importation des produits pharmaceutiques pour l\u2019exercice 2019 a \u00e9t\u00e9 finalis\u00e9e \u00abdans des d\u00e9lais plus avanc\u00e9es\u00bb compar\u00e9s aux d\u00e9lais de lib\u00e9ration des programmes pr\u00e9visionnels d\u2019importation des exercices pr\u00e9c\u00e9dents, rappelle le minist\u00e8re de la Sant\u00e9, de la Population et de la R\u00e9forme hospitali\u00e8re dans un communiqu\u00e9. \u00abLes services comp\u00e9tents du minist\u00e8re suivent la situation du march\u00e9 national du m\u00e9dicament \u00e0 travers, notamment, la cellule de veille sur la disponibilit\u00e9 des produits pharmaceutiques regroupant les repr\u00e9sentants des diff\u00e9rents op\u00e9rateurs : importateurs, producteurs, distributeurs, et repr\u00e9sentants du syndicat national des pharmaciens d\u2019officine, d\u00e9j\u00e0 r\u00e9uni en 2019 et qui se r\u00e9unira \u00e0 nouveau dans les prochains jours pour une nouvelle \u00e9valuation de la situation et, le cas \u00e9ch\u00e9ant, la prise de mesures appropri\u00e9es\u00bb, ajoute la m\u00eame source.<br \/>\u00a0<\/p>\n<p>Auteur: elmoudjahid<br \/>\n<a href=\"http:\/\/www.elmoudjahid.com\/fr\/actualites\/135485\">Cliquez ici pour lire l&rsquo;article depuis sa source.<\/a><\/p>\n","protected":false},"excerpt":{"rendered":"<p>La lib\u00e9ration des programmes pr\u00e9visionnels d\u2019importation des produits pharmaceutiques pour l\u2019exercice 2019 a \u00e9t\u00e9 finalis\u00e9e \u00abdans des d\u00e9lais plus avanc\u00e9es\u00bb compar\u00e9s aux d\u00e9lais de lib\u00e9ration des programmes pr\u00e9visionnels d\u2019importation des exercices pr\u00e9c\u00e9dents, rappelle le minist\u00e8re de la Sant\u00e9, de la Population et de la R\u00e9forme hospitali\u00e8re dans un communiqu\u00e9. \u00abLes services comp\u00e9tents du minist\u00e8re suivent [&hellip;]<\/p>\n","protected":false},"author":1744,"featured_media":0,"comment_status":"closed","ping_status":"closed","sticky":false,"template":"","format":"standard","meta":{"fifu_image_url":"","fifu_image_alt":"","footnotes":""},"categories":[73,53],"tags":[],"class_list":["post-25878","post","type-post","status-publish","format-standard","hentry","category-actualite","category-algerie"],"_links":{"self":[{"href":"https:\/\/linitiative.ca\/International\/wp-json\/wp\/v2\/posts\/25878","targetHints":{"allow":["GET"]}}],"collection":[{"href":"https:\/\/linitiative.ca\/International\/wp-json\/wp\/v2\/posts"}],"about":[{"href":"https:\/\/linitiative.ca\/International\/wp-json\/wp\/v2\/types\/post"}],"author":[{"embeddable":true,"href":"https:\/\/linitiative.ca\/International\/wp-json\/wp\/v2\/users\/1744"}],"replies":[{"embeddable":true,"href":"https:\/\/linitiative.ca\/International\/wp-json\/wp\/v2\/comments?post=25878"}],"version-history":[{"count":0,"href":"https:\/\/linitiative.ca\/International\/wp-json\/wp\/v2\/posts\/25878\/revisions"}],"wp:attachment":[{"href":"https:\/\/linitiative.ca\/International\/wp-json\/wp\/v2\/media?parent=25878"}],"wp:term":[{"taxonomy":"category","embeddable":true,"href":"https:\/\/linitiative.ca\/International\/wp-json\/wp\/v2\/categories?post=25878"},{"taxonomy":"post_tag","embeddable":true,"href":"https:\/\/linitiative.ca\/International\/wp-json\/wp\/v2\/tags?post=25878"}],"curies":[{"name":"wp","href":"https:\/\/api.w.org\/{rel}","templated":true}]}}