{"id":25879,"date":"2019-04-03T19:00:00","date_gmt":"2019-04-03T23:00:00","guid":{"rendered":"https:\/\/linitiative.ca\/International\/deces-de-lartiste-peintre-noureddine-ferroukhi-une-grande-figure\/"},"modified":"2019-04-03T19:00:00","modified_gmt":"2019-04-03T23:00:00","slug":"deces-de-lartiste-peintre-noureddine-ferroukhi-une-grande-figure","status":"publish","type":"post","link":"https:\/\/linitiative.ca\/International\/deces-de-lartiste-peintre-noureddine-ferroukhi-une-grande-figure\/","title":{"rendered":"D\u00e9c\u00e8s de l&rsquo;artiste peintre Noureddine Ferroukhi : Une grande figure"},"content":{"rendered":"<p>L&rsquo;artiste plasticien Noureddine Ferroukhi, figure de la peinture alg\u00e9rienne et de la formation \u00e0 l&rsquo;\u00e9cole des Beaux-Arts, est d\u00e9c\u00e9d\u00e9 hier matin \u00e0 Marseille \u00e0 l&rsquo;\u00e2ge de 60 ans, a-t-on appris aupr\u00e8s de son entourage. N\u00e9 en 1959, Noureddine Ferroukhi compte \u00e0 son actif de nombreuses expositions collectives en Alg\u00e9rie, en Europe et dans d\u2019autres pays du Maghreb ainsi que cinq expositions personnelles depuis 1986. Le d\u00e9funt avait enseign\u00e9 pendant de longues ann\u00e9es \u00e0 l&rsquo;\u00e9cole sup\u00e9rieure des Beaux-Arts.\u00a0 En 2001, il avait fond\u00e9 avec d\u2019autres plasticiens alg\u00e9riens, dont Karim Sergoua, Zoubir Hellal ou encore Ammar Bouras le groupe Essabaghine qui plaidait pour le renouveau de l\u2019art alg\u00e9rien et l\u2019ind\u00e9pendance des artistes. En 2016 Noureddine Ferroukhi avait d\u00e9voil\u00e9 sa derni\u00e8re exposition individuelle, \u00ab\u00a0Brin d\u2019amour\u00a0\u00bb, revisitant avec un \u0153il neuf les mythes et traditions amoureux du Maghreb et de la M\u00e9diterran\u00e9e. En 2018, quelques-unes de ces \u0153uvres ont \u00e9galement particip\u00e9 \u00e0 l&rsquo;exposition collective \u00ab\u00a0La peinture alg\u00e9rienne dans sa diversit\u00e9\u00a0\u00bb, organis\u00e9e \u00e0 Paris par la galerie d&rsquo;art El Yasmine qui a \u00e9galement expos\u00e9 les toiles du d\u00e9funt lors du \u00ab\u00a0Printemps des arts\u00a0\u00bb.\u00a0<\/p>\n<p>Auteur: elmoudjahid<br \/>\n<a href=\"http:\/\/www.elmoudjahid.com\/fr\/actualites\/135486\">Cliquez ici pour lire l&rsquo;article depuis sa source.<\/a><\/p>\n","protected":false},"excerpt":{"rendered":"<p>L&rsquo;artiste plasticien Noureddine Ferroukhi, figure de la peinture alg\u00e9rienne et de la formation \u00e0 l&rsquo;\u00e9cole des Beaux-Arts, est d\u00e9c\u00e9d\u00e9 hier matin \u00e0 Marseille \u00e0 l&rsquo;\u00e2ge de 60 ans, a-t-on appris aupr\u00e8s de son entourage. N\u00e9 en 1959, Noureddine Ferroukhi compte \u00e0 son actif de nombreuses expositions collectives en Alg\u00e9rie, en Europe et dans d\u2019autres pays [&hellip;]<\/p>\n","protected":false},"author":1744,"featured_media":0,"comment_status":"closed","ping_status":"closed","sticky":false,"template":"","format":"standard","meta":{"fifu_image_url":"","fifu_image_alt":"","footnotes":""},"categories":[73,53],"tags":[],"class_list":["post-25879","post","type-post","status-publish","format-standard","hentry","category-actualite","category-algerie"],"_links":{"self":[{"href":"https:\/\/linitiative.ca\/International\/wp-json\/wp\/v2\/posts\/25879","targetHints":{"allow":["GET"]}}],"collection":[{"href":"https:\/\/linitiative.ca\/International\/wp-json\/wp\/v2\/posts"}],"about":[{"href":"https:\/\/linitiative.ca\/International\/wp-json\/wp\/v2\/types\/post"}],"author":[{"embeddable":true,"href":"https:\/\/linitiative.ca\/International\/wp-json\/wp\/v2\/users\/1744"}],"replies":[{"embeddable":true,"href":"https:\/\/linitiative.ca\/International\/wp-json\/wp\/v2\/comments?post=25879"}],"version-history":[{"count":0,"href":"https:\/\/linitiative.ca\/International\/wp-json\/wp\/v2\/posts\/25879\/revisions"}],"wp:attachment":[{"href":"https:\/\/linitiative.ca\/International\/wp-json\/wp\/v2\/media?parent=25879"}],"wp:term":[{"taxonomy":"category","embeddable":true,"href":"https:\/\/linitiative.ca\/International\/wp-json\/wp\/v2\/categories?post=25879"},{"taxonomy":"post_tag","embeddable":true,"href":"https:\/\/linitiative.ca\/International\/wp-json\/wp\/v2\/tags?post=25879"}],"curies":[{"name":"wp","href":"https:\/\/api.w.org\/{rel}","templated":true}]}}