{"id":25880,"date":"2019-04-03T19:00:00","date_gmt":"2019-04-03T23:00:00","guid":{"rendered":"https:\/\/linitiative.ca\/International\/commentaire-rappel-a-lintelligent\/"},"modified":"2019-04-03T19:00:00","modified_gmt":"2019-04-03T23:00:00","slug":"commentaire-rappel-a-lintelligent","status":"publish","type":"post","link":"https:\/\/linitiative.ca\/International\/commentaire-rappel-a-lintelligent\/","title":{"rendered":"Commentaire : Rappel  a l\u2019intelligent"},"content":{"rendered":"<p>La c\u00e9r\u00e9monie au cours de laquelle le Pr\u00e9sident Bouteflika a notifi\u00e9 officiellement, au pr\u00e9sident du Conseil constitutionnel, en pr\u00e9sence du pr\u00e9sident du Conseil de la nation, sa d\u00e9cision de mettre fin \u00e0 son mandat en qualit\u00e9 de Pr\u00e9sident de la R\u00e9publique, a quelque chose de path\u00e9tique d\u2019autant plus qu\u2019elle a \u00e9t\u00e9 imm\u00e9diatement suivie par un d\u00e9ferlement, en plein centre de la capitale, de centaines de citoyens venus f\u00eater collectivement l\u2019\u00e9v\u00e9nement. Certains n\u2019ont pas h\u00e9sit\u00e9 \u00e0 qualifier ce moment de seconde ind\u00e9pendance du pays ! Evidemment les mots sont forts parce que le moment historique est dense et ne peut \u00e9chapper \u00e0 l\u2019\u00e9motion qui lui donne tout son sens. Parions que la f\u00eate sera plus grandiose encore ce septi\u00e8me vendredi parce que cela repr\u00e9sente une \u00e9volution majeure dans le processus d\u2019un mouvement citoyen qui revendique le droit du peuple \u00e0 r\u00e9cup\u00e9rer pleinement sa souverainet\u00e9 confisqu\u00e9e ! Qu\u2019est-ce qui nous est arriv\u00e9 pour que des millions de citoyennes et de citoyens, en famille, femmes et enfants, en majorit\u00e9 des jeunes, sortent dans la rue, l\u2019embl\u00e8me national sur les \u00e9paules, battent le pav\u00e9 de mani\u00e8re pacifique, ne demandant rien que de r\u00e9cup\u00e9rer un bien commun, ch\u00e8rement acquis, la libert\u00e9 et la dignit\u00e9 ! Une image grandiose que toute la plan\u00e8te a c\u00e9l\u00e9br\u00e9e ! Certains et ils n\u2019ont certainement pas torts d\u2019avoir qualifi\u00e9 ce mouvement in\u00e9dit de \u00abr\u00e9volution du sourire\u00bb. Pourtant, le parcours et la stature du Pr\u00e9sident Bouteflika sont loin d\u2019\u00eatre banals et tout ce qu\u2019il a fait pour sa patrie, depuis la guerre de Lib\u00e9ration \u00e0 nos jours, n\u2019est pas n\u00e9gligeable. L\u2019homme bien s\u00fbr, comme tous les hommes et davantage encore lorsqu\u2019il dirige un Etat, ne peut faire l\u2019unanimit\u00e9 mais aucun homme sens\u00e9 ne peut dire que son bilan a \u00e9t\u00e9 catastrophique. Surtout lorsqu\u2019on sait le difficile contexte dans lequel il a acc\u00e9d\u00e9 \u00e0 la magistrature supr\u00eame, un pays terrass\u00e9 par la trag\u00e9die nationale et isol\u00e9 sur la sc\u00e8ne mondiale. Pour le Pr\u00e9sident Bouteflika, aujourd\u2019hui \u00e2g\u00e9 et malade, ce n\u2019est pas son travail \u00e0 la t\u00eate de l\u2019Etat qui est remis en cause mais bien l\u2019aveuglement du pouvoir et cette irr\u00e9sistible euphorie de vouloir s\u2019\u00e9terniser et mourir sur le tr\u00f4ne ! Personne n\u2019est na\u00eff pour croire qu\u2019il \u00e9tait \u00e0 ce point inconscient et que toute la responsabilit\u00e9 incombe \u00e0 son entourage imm\u00e9diat, pour des raisons \u00e9videntes de gros int\u00e9r\u00eats car, selon de nombreux t\u00e9moins de bonne fois, la lucidit\u00e9 ne lui a pas manqu\u00e9 malgr\u00e9 le double poids de l\u2019\u00e2ge et de la maladie. Aussi, s\u2019il y a bien une le\u00e7on \u00e0 tirer de ce qui se passe chez nous, aujourd\u2019hui, en ce moment, une le\u00e7on que tous les futurs Pr\u00e9sidents de la R\u00e9publique ou tout simplement les responsables politiques doivent avoir \u00e0 l\u2019esprit, c\u2019est que chacun ne doit jamais oublier qu\u2019il est mandat\u00e9 par le peuple et qu\u2019il faut toujours savoir se retirer \u00e0 temps. Car comme on dit, si tout le monde est n\u00e9cessaire, nul n\u2019est indispensable !\u00a0 Pardon pour la le\u00e7on car la morale et l\u2019\u00e9thique, ins\u00e9parables de la politique en d\u00e9mocratie, sont plut\u00f4t des qualit\u00e9s encore rares chez nous et c\u2019est pourquoi, au moment o\u00f9 nous entamons la transition, une p\u00e9riode sensible o\u00f9 les tensions sont \u00e0 l\u2019apog\u00e9e et qu\u2019il faudrait piloter main dans la main, dans la s\u00e9r\u00e9nit\u00e9, ce rappel \u00e0 l\u2019intelligent nous para\u00eet utile.<br \/><strong>CHERIF JALIL<\/strong><\/p>\n<p>Auteur: elmoudjahid<br \/>\n<a href=\"http:\/\/www.elmoudjahid.com\/fr\/actualites\/135487\">Cliquez ici pour lire l&rsquo;article depuis sa source.<\/a><\/p>\n","protected":false},"excerpt":{"rendered":"<p>La c\u00e9r\u00e9monie au cours de laquelle le Pr\u00e9sident Bouteflika a notifi\u00e9 officiellement, au pr\u00e9sident du Conseil constitutionnel, en pr\u00e9sence du pr\u00e9sident du Conseil de la nation, sa d\u00e9cision de mettre fin \u00e0 son mandat en qualit\u00e9 de Pr\u00e9sident de la R\u00e9publique, a quelque chose de path\u00e9tique d\u2019autant plus qu\u2019elle a \u00e9t\u00e9 imm\u00e9diatement suivie par un [&hellip;]<\/p>\n","protected":false},"author":1744,"featured_media":0,"comment_status":"closed","ping_status":"closed","sticky":false,"template":"","format":"standard","meta":{"fifu_image_url":"","fifu_image_alt":"","footnotes":""},"categories":[73,53],"tags":[],"class_list":["post-25880","post","type-post","status-publish","format-standard","hentry","category-actualite","category-algerie"],"_links":{"self":[{"href":"https:\/\/linitiative.ca\/International\/wp-json\/wp\/v2\/posts\/25880","targetHints":{"allow":["GET"]}}],"collection":[{"href":"https:\/\/linitiative.ca\/International\/wp-json\/wp\/v2\/posts"}],"about":[{"href":"https:\/\/linitiative.ca\/International\/wp-json\/wp\/v2\/types\/post"}],"author":[{"embeddable":true,"href":"https:\/\/linitiative.ca\/International\/wp-json\/wp\/v2\/users\/1744"}],"replies":[{"embeddable":true,"href":"https:\/\/linitiative.ca\/International\/wp-json\/wp\/v2\/comments?post=25880"}],"version-history":[{"count":0,"href":"https:\/\/linitiative.ca\/International\/wp-json\/wp\/v2\/posts\/25880\/revisions"}],"wp:attachment":[{"href":"https:\/\/linitiative.ca\/International\/wp-json\/wp\/v2\/media?parent=25880"}],"wp:term":[{"taxonomy":"category","embeddable":true,"href":"https:\/\/linitiative.ca\/International\/wp-json\/wp\/v2\/categories?post=25880"},{"taxonomy":"post_tag","embeddable":true,"href":"https:\/\/linitiative.ca\/International\/wp-json\/wp\/v2\/tags?post=25880"}],"curies":[{"name":"wp","href":"https:\/\/api.w.org\/{rel}","templated":true}]}}