{"id":25895,"date":"2019-04-04T14:27:12","date_gmt":"2019-04-04T18:27:12","guid":{"rendered":"https:\/\/linitiative.ca\/International\/87672-1er-tour-national-cycliste-de-mila-domination-totale-du-gs-petroliers\/"},"modified":"2019-04-04T14:27:12","modified_gmt":"2019-04-04T18:27:12","slug":"87672-1er-tour-national-cycliste-de-mila-domination-totale-du-gs-petroliers","status":"publish","type":"post","link":"https:\/\/linitiative.ca\/International\/87672-1er-tour-national-cycliste-de-mila-domination-totale-du-gs-petroliers\/","title":{"rendered":"1er tour national cycliste de Mila: domination totale du GS P\u00e9troliers"},"content":{"rendered":"<div>\n<div class=\"K2FeedIntroText\">\n<p><strong>MILA &#8211; L&rsquo;\u00e9quipe du GS p\u00e9troliers \u00e0 domin\u00e9 la premi\u00e8re \u00e9dition du tour national tour cycliste de Mila, qui s\u2019est achev\u00e9 jeudi dans la ville de Mila apr\u00e8s trois \u00e9tapes.<\/strong><\/p>\n<\/div>\n<div class=\"K2FeedFullText\">\n<p>La troisi\u00e8me et derni\u00e8re \u00e9tape de ce tour, courue sur un trac\u00e9 montagneux de 85km, a vu la cons\u00e9cration de l&rsquo;\u00e9quipe du GS P\u00e9troliers qui n&rsquo;a laiss\u00e9 aucune chance aux 16 autres \u00e9quipes pr\u00e9sentes sur la grille de d\u00e9part.<\/p>\n<p>Ainsi, le coureur Azzedine La\u00e2gueb a d\u00e9croch\u00e9 la premi\u00e8re place de la course devan\u00e7ant ses deux co\u00e9quipiers du GSP Abderaouf Benkayou et Seifeddine Yebka.<\/p>\n<p>Le GSP s&rsquo;est \u00e9galement distingu\u00e9 chez les juniors avec Ayoub Sahiri et Seddik Benganif qui ont respectivement termin\u00e9 \u00e0 la premi\u00e8re et \u00e0 la deuxi\u00e8me place.<\/p>\n<p>Le coureur Zaki Boudar de l&rsquo;\u00e9quipe Majd Blida s&rsquo;est quant \u00e0 lui adjug\u00e9 la troisi\u00e8me place du classement.<\/p>\n<p>Pour rappel, la premi\u00e8re \u00e9tape du tour national s&rsquo;est disput\u00e9e mardi sur un trac\u00e9 de 125 km ayant pour point de d\u00e9part et d&rsquo;arriv\u00e9e la place des martyrs de Mila en passant par 9 communes de la wilaya.<\/p>\n<p>La deuxi\u00e8me \u00e9tape a \u00e9t\u00e9 courue sur un trac\u00e9 ferm\u00e9 de 85 km imagin\u00e9 \u00e0 l&rsquo;int\u00e9rieur du chef-lieu de wilaya.<\/p>\n<\/div>\n<p><img loading=\"lazy\" decoding=\"async\" src=\"http:\/\/feeds.feedburner.com\/~r\/aps-sport\/~4\/J3OcggY3PCY\" height=\"1\" width=\"1\" alt=\"\"><\/div>\n<p>Auteur:<br \/>\n<a href=\"http:\/\/www.aps.dz\/sport\/87672-1er-tour-national-cycliste-de-mila-domination-totale-du-gs-petroliers?utm_source=feedburner&#038;utm_medium=feed&#038;utm_campaign=Feed%3A+aps-sport+%28APS+-+SPORT%29\">Cliquez ici pour lire l&rsquo;article depuis sa source.<\/a><\/p>\n","protected":false},"excerpt":{"rendered":"<p>MILA &#8211; L&rsquo;\u00e9quipe du GS p\u00e9troliers \u00e0 domin\u00e9 la premi\u00e8re \u00e9dition du tour national tour cycliste de Mila, qui s\u2019est achev\u00e9 jeudi dans la ville de Mila apr\u00e8s trois \u00e9tapes. La troisi\u00e8me et derni\u00e8re \u00e9tape de ce tour, courue sur un trac\u00e9 montagneux de 85km, a vu la cons\u00e9cration de l&rsquo;\u00e9quipe du GS P\u00e9troliers qui [&hellip;]<\/p>\n","protected":false},"author":1790,"featured_media":0,"comment_status":"closed","ping_status":"closed","sticky":false,"template":"","format":"standard","meta":{"fifu_image_url":"","fifu_image_alt":"","footnotes":""},"categories":[53,75],"tags":[],"class_list":["post-25895","post","type-post","status-publish","format-standard","hentry","category-algerie","category-sport"],"_links":{"self":[{"href":"https:\/\/linitiative.ca\/International\/wp-json\/wp\/v2\/posts\/25895","targetHints":{"allow":["GET"]}}],"collection":[{"href":"https:\/\/linitiative.ca\/International\/wp-json\/wp\/v2\/posts"}],"about":[{"href":"https:\/\/linitiative.ca\/International\/wp-json\/wp\/v2\/types\/post"}],"author":[{"embeddable":true,"href":"https:\/\/linitiative.ca\/International\/wp-json\/wp\/v2\/users\/1790"}],"replies":[{"embeddable":true,"href":"https:\/\/linitiative.ca\/International\/wp-json\/wp\/v2\/comments?post=25895"}],"version-history":[{"count":0,"href":"https:\/\/linitiative.ca\/International\/wp-json\/wp\/v2\/posts\/25895\/revisions"}],"wp:attachment":[{"href":"https:\/\/linitiative.ca\/International\/wp-json\/wp\/v2\/media?parent=25895"}],"wp:term":[{"taxonomy":"category","embeddable":true,"href":"https:\/\/linitiative.ca\/International\/wp-json\/wp\/v2\/categories?post=25895"},{"taxonomy":"post_tag","embeddable":true,"href":"https:\/\/linitiative.ca\/International\/wp-json\/wp\/v2\/tags?post=25895"}],"curies":[{"name":"wp","href":"https:\/\/api.w.org\/{rel}","templated":true}]}}