{"id":25896,"date":"2019-04-03T15:40:00","date_gmt":"2019-04-03T19:40:00","guid":{"rendered":"https:\/\/linitiative.ca\/International\/said-bouteflika-na-pas-ete-maltraite\/"},"modified":"2019-04-03T15:40:00","modified_gmt":"2019-04-03T19:40:00","slug":"said-bouteflika-na-pas-ete-maltraite","status":"publish","type":"post","link":"https:\/\/linitiative.ca\/International\/said-bouteflika-na-pas-ete-maltraite\/","title":{"rendered":"Sa\u00efd Bouteflika n\u2019a pas \u00e9t\u00e9 maltrait\u00e9"},"content":{"rendered":"<p><br id=\"sep_para_1\" class=\"sep_para access\"\/><\/p>\n<div id=\"para_1\" class=\"para_30119998 resize\">\n<div class=\"photo shadow left\"><a href=\"javascript:void(0)\" rel=\"https:\/\/www.reflexiondz.net\/photo\/art\/grande\/32292829-30119998.jpg?v=1554322297&#038;ibox\" title=\"Sa\u00efd Bouteflika n\u2019a pas \u00e9t\u00e9 maltrait\u00e9\"><img decoding=\"async\" class=\"responsive c9\" src=\"https:\/\/www.reflexiondz.net\/photo\/art\/grande\/32292829-30119998.jpg?v=1554322297\" alt=\"Sa\u00efd Bouteflika n\u2019a pas \u00e9t\u00e9 maltrait\u00e9\" title=\"Sa\u00efd Bouteflika n\u2019a pas \u00e9t\u00e9 maltrait\u00e9\"\/><img decoding=\"async\" class=\"not-responsive\" src=\"https:\/\/www.reflexiondz.net\/photo\/art\/default\/32292829-30119998.jpg?v=1554322299\" alt=\"Sa\u00efd Bouteflika n\u2019a pas \u00e9t\u00e9 maltrait\u00e9\" title=\"Sa\u00efd Bouteflika n\u2019a pas \u00e9t\u00e9 maltrait\u00e9\"\/><\/a><\/div>\n<div class=\"texte access firstletter\">Selon les sites Alg\u00e9riePart et Mondafrique qui rapportent l\u2019information,\u00a0 Sa\u00efd Bouteflika, fr\u00e8re et conseiller d\u2019Abdelaziz Bouteflika, aurait \u00e9t\u00e9 plac\u00e9, ce mardi 2 avril dans la soir\u00e9e, sous r\u00e9sidence surveill\u00e9e. \u2018\u2019Said Bouteflika serait plac\u00e9 en r\u00e9sidence surveill\u00e9e, ce mardi soir, dans un domicile situ\u00e9 au niveau d\u2019une R\u00e9sidence d\u2019Etat situ\u00e9e \u00e0 Alger\u2019\u2019, affirment les m\u00eames sources. Ces derni\u00e8res assurent que le fr\u00e8re et conseiller du Pr\u00e9sident de la R\u00e9publique qui vient de d\u00e9missionner officiellement de son poste n\u2019a subi aucun traitement violent ou humiliant. Sa\u00efd Bouteflika ne devrait pas faire l\u2019objet d\u2019une incarc\u00e9ration, ni de poursuites judiciaires dans les jours \u00e0 venir, a-t-on ajout\u00e9.<\/div>\n<\/div>\n<p>Auteur: R\u00e9flexion<br \/>\n<a href=\"https:\/\/www.reflexiondz.net\/Said-Bouteflika-n-a-pas-ete-maltraite_a55244.html\">Cliquez ici pour lire l&rsquo;article depuis sa source.<\/a><\/p>\n","protected":false},"excerpt":{"rendered":"<p>Selon les sites Alg\u00e9riePart et Mondafrique qui rapportent l\u2019information,\u00a0 Sa\u00efd Bouteflika, fr\u00e8re et conseiller d\u2019Abdelaziz Bouteflika, aurait \u00e9t\u00e9 plac\u00e9, ce mardi 2 avril dans la soir\u00e9e, sous r\u00e9sidence surveill\u00e9e. \u2018\u2019Said Bouteflika serait plac\u00e9 en r\u00e9sidence surveill\u00e9e, ce mardi soir, dans un domicile situ\u00e9 au niveau d\u2019une R\u00e9sidence d\u2019Etat situ\u00e9e \u00e0 Alger\u2019\u2019, affirment les m\u00eames sources. [&hellip;]<\/p>\n","protected":false},"author":1740,"featured_media":0,"comment_status":"closed","ping_status":"closed","sticky":false,"template":"","format":"standard","meta":{"fifu_image_url":"","fifu_image_alt":"","footnotes":""},"categories":[53,76],"tags":[],"class_list":["post-25896","post","type-post","status-publish","format-standard","hentry","category-algerie","category-regions"],"_links":{"self":[{"href":"https:\/\/linitiative.ca\/International\/wp-json\/wp\/v2\/posts\/25896","targetHints":{"allow":["GET"]}}],"collection":[{"href":"https:\/\/linitiative.ca\/International\/wp-json\/wp\/v2\/posts"}],"about":[{"href":"https:\/\/linitiative.ca\/International\/wp-json\/wp\/v2\/types\/post"}],"author":[{"embeddable":true,"href":"https:\/\/linitiative.ca\/International\/wp-json\/wp\/v2\/users\/1740"}],"replies":[{"embeddable":true,"href":"https:\/\/linitiative.ca\/International\/wp-json\/wp\/v2\/comments?post=25896"}],"version-history":[{"count":0,"href":"https:\/\/linitiative.ca\/International\/wp-json\/wp\/v2\/posts\/25896\/revisions"}],"wp:attachment":[{"href":"https:\/\/linitiative.ca\/International\/wp-json\/wp\/v2\/media?parent=25896"}],"wp:term":[{"taxonomy":"category","embeddable":true,"href":"https:\/\/linitiative.ca\/International\/wp-json\/wp\/v2\/categories?post=25896"},{"taxonomy":"post_tag","embeddable":true,"href":"https:\/\/linitiative.ca\/International\/wp-json\/wp\/v2\/tags?post=25896"}],"curies":[{"name":"wp","href":"https:\/\/api.w.org\/{rel}","templated":true}]}}