{"id":25918,"date":"2019-04-04T10:19:00","date_gmt":"2019-04-04T14:19:00","guid":{"rendered":"https:\/\/linitiative.ca\/International\/19-ans-apres-sa-mort-bourguiba-si-actuel-album-photos\/"},"modified":"2019-04-04T10:19:00","modified_gmt":"2019-04-04T14:19:00","slug":"19-ans-apres-sa-mort-bourguiba-si-actuel-album-photos","status":"publish","type":"post","link":"https:\/\/linitiative.ca\/International\/19-ans-apres-sa-mort-bourguiba-si-actuel-album-photos\/","title":{"rendered":"19 ans apr\u00e8s sa mort, Bourguiba, si actuel (Album Photos)"},"content":{"rendered":"<p>D&rsquo;ix-neuf ans apr\u00e8s sa disparition, le 6 avril 2000, les Tunisiens d\u00e9couvrent de plus en plus l\u2019\u00e9pop\u00e9e de leur \u00abCombattant supr\u00eame\u00bb Habib Bourguiba. En ces temps de tiraillements politiques, de fractures identitaires et de tentatives de remise en cause des avanc\u00e9es modernistes accomplies, il manque terriblement \u00e0 la nation.\u00a0 Sa pens\u00e9e avant-gardiste, sa vision perspicace et son ancrage r\u00e9solu dans les valeurs universelles demeurent une source d\u2019inspiration pour tous les mouvements, en rupture avec l\u2019obscurantisme et en faveur du progr\u00e8s et de l\u2019\u00e9galit\u00e9.<\/p>\n<p>Se lan\u00e7ant \u00e0 la conqu\u00eate du pouvoir \u00e0 la faveur des prochaines \u00e9lections l\u00e9gislatives et pr\u00e9sidentielles, nombreux sont ceux qui veulent se draper de son image et se proclamer de son h\u00e9ritage. Rares sont ceux qui le m\u00e9ritent sinc\u00e8rement.<\/p>\n<h2>Un retour de plus en plus fort<\/h2>\n<p>A l\u2019exception des obscurantistes qui ne ratent aucune occasion pour porter atteinte \u00e0 sa m\u00e9moire, et minorer son \u0153uvre, ses pires d\u00e9tracteurs dans le camp progressiste reconnaissent \u00e0 Bourguiba son g\u00e9nie. La r\u00e9v\u00e9lation de nouveaux documents irr\u00e9futables de son combat pour l\u2019ind\u00e9pendance de la Tunisie, puis pour l\u2019\u00e9dification de la premi\u00e8re R\u00e9publique et la parution de nouveaux livres qui lui sont consacr\u00e9s, l\u00e8vent le voile sur l\u2019homme et ses positions.\u00a0 Le retour de Bourguiba devient de plus en plus fort. Le sort qui lui a \u00e9t\u00e9 r\u00e9serv\u00e9 depuis sa destitution le 7 novembre 1987, en r\u00e9clusion \u00e0 Monastir jusqu\u2019\u00e0 son d\u00e9c\u00e8s le 6 avril 2000, attise les passions qui s\u2019expriment d\u00e9sormais librement depuis 2011.<\/p>\n<h2>Rempart et fer de lance<\/h2>\n<p>Loin de l\u2019id\u00e9aliser, et encore moins de le d\u00e9douaner de nombre de ratages, in\u00e9vitablement tout au long de 60 ans de combat dont 30 ans de pouvoir absolu, il s\u2019agit plut\u00f4t de puiser dans son \u0153uvre les fondements de ce qui constitue le liant national et de porter les aspirations des nouvelles g\u00e9n\u00e9rations. Bourguiba est \u00e9rig\u00e9 en rempart contre tout ce qui est r\u00e9trograde et fer de lance de l\u2019avenir choisi.<\/p>\n<h2>Avec les grands de son \u00e9poque et le reclus de Monastir<\/h2>\n<p><a href=\"https:\/\/www.leaders.com.tn\/uploads\/FCK_files\/Livre%20Bourguiba.pdf\" target=\"_blank\" rel=\"noopener noreferrer\"><img decoding=\"async\" src=\"\/uploads\/FCK_files\/Livre(5).jpg\" width=\"20%\" vspace=\"5\" hspace=\"5\" align=\"left\" alt=\"\"\/><\/a><img decoding=\"async\" src=\"\/uploads\/FCK_files\/Magazine(1).jpg\" alt=\"\" width=\"30%\" vspace=\"5\" hspace=\"5\" align=\"right\"\/>En comm\u00e9moration du dix-neuvi\u00e8me anniversaire de sa disparition, Leaders a choisi deux angles. Apr\u00e8s avoir publi\u00e9, lors des c\u00e9l\u00e9brations pr\u00e9c\u00e9dentes, la plainte qu\u2019il avait adress\u00e9e au procureur de la R\u00e9publique depuis Monastir contre Ben Ali, des t\u00e9moignages de ses m\u00e9decins et visiteurs sur \u00ables derniers jours de Bourguiba\u00bb, nous mettons \u00e0 la disposition des lecteurs une s\u00e9rie de photos gr\u00e2ce notamment aux Archives Nationales, pour la plupart in\u00e9dites, avec les grandes figures mondiales de son \u00e9poque.\u00a0 On le retrouve avec le vice-pr\u00e9sident am\u00e9ricain Richard Nixon (en 1957), puis le pr\u00e9sident am\u00e9ricain Eisenhower, lors de sa visite \u00e0 Tunis en d\u00e9cembre 1959, l\u2019unique \u00e0 ce jour de celle d\u2019un pr\u00e9sident des Etats-Unis, le Roi Mohamed V, puis son fils et successeur le Roi Hassan II, le G\u00e9n\u00e9ral de Gaulle \u00e0 Rambouillet, les pr\u00e9sidents Ahmed Sukarno (Indon\u00e9sie), en 1964, Kwame Nkrumah (Ghana), Gamal Abdel Nacer, Ahmed Ben Bella, l\u2019Empereur Hail\u00e9 S\u00e9lassi\u00e9 (Ethiopie) et le mar\u00e9chal Josip Broz Tito (Yougoslavie), lors d\u2019une visite officielle \u00e0 Belgrade en 1965. Mais aussi, Pierre Mend\u00e8s-France, l\u2019ancien pr\u00e9sident du conseil des ministres fran\u00e7ais.<\/p>\n<p>Dans la deuxi\u00e8me partie de ce dossier, Leaders publie de bonnes feuilles du livre Bourguiba de Bertrand Legendre o\u00f9 l\u2019auteur revient sur l\u2019\u00e9preuve du reclus de Monastir.<\/p>\n<p>Lire aussi:<\/p>\n<p><a href=\"https:\/\/www.leaders.com.tn\/article\/26819-xixeme-anniversaire-du-deces-de-bourguiba-telechargez-notre-livre-les-derniers-jours-de-bourguiba\" target=\"_blank\" rel=\"noopener noreferrer\">XIX\u00e8me anniversaire du d\u00e9c\u00e8s de Bourguiba: T\u00e9l\u00e9chargez notre livre \u00ab Les derniers jours de Bourguiba \u00bb<\/a><br \/><a href=\"https:\/\/www.leaders.com.tn\/dossier\/0007-habib-bourguiba\" target=\"_blank\" rel=\"noopener noreferrer\"><br \/>Bourguiba: 19 ans apr\u00e8s son d\u00e9c\u00e8s<\/a><\/p>\n<p><a href=\"\/uploads\/FCK_files\/Livre%20Bourguiba.pdf\" target=\"_blank\" rel=\"noopener noreferrer\"><br \/>T\u00e9l\u00e9charger Le Livre en PDF<\/a><\/p>\n<p class=\"c2\"><strong><a href=\"https:\/\/www.leaders.com.tn\/le_mensuel_abonnez_vous\" target=\"_blank\" rel=\"noopener noreferrer\"><img loading=\"lazy\" decoding=\"async\" src=\"\/uploads\/FCK_files\/Bandeau-Leaders-1-copie(18).jpg\" alt=\"\" width=\"500\" vspace=\"5\" hspace=\"5\" height=\"128\" align=\"middle\"\/><\/a><\/strong><\/p>\n<p>Auteur:<br \/>\n<a href=\"https:\/\/www.leaders.com.tn\/article\/26829-19-ans-apres-sa-mort-bourguiba-si-actuel-album-photos\">Cliquez ici pour lire l&rsquo;article depuis sa source.<\/a><\/p>\n","protected":false},"excerpt":{"rendered":"<p>D&rsquo;ix-neuf ans apr\u00e8s sa disparition, le 6 avril 2000, les Tunisiens d\u00e9couvrent de plus en plus l\u2019\u00e9pop\u00e9e de leur \u00abCombattant supr\u00eame\u00bb Habib Bourguiba. En ces temps de tiraillements politiques, de fractures identitaires et de tentatives de remise en cause des avanc\u00e9es modernistes accomplies, il manque terriblement \u00e0 la nation.\u00a0 Sa pens\u00e9e avant-gardiste, sa vision perspicace [&hellip;]<\/p>\n","protected":false},"author":1772,"featured_media":25919,"comment_status":"closed","ping_status":"closed","sticky":false,"template":"","format":"standard","meta":{"fifu_image_url":"","fifu_image_alt":"","footnotes":""},"categories":[73,55],"tags":[],"class_list":["post-25918","post","type-post","status-publish","format-standard","has-post-thumbnail","hentry","category-actualite","category-tunisie"],"_links":{"self":[{"href":"https:\/\/linitiative.ca\/International\/wp-json\/wp\/v2\/posts\/25918","targetHints":{"allow":["GET"]}}],"collection":[{"href":"https:\/\/linitiative.ca\/International\/wp-json\/wp\/v2\/posts"}],"about":[{"href":"https:\/\/linitiative.ca\/International\/wp-json\/wp\/v2\/types\/post"}],"author":[{"embeddable":true,"href":"https:\/\/linitiative.ca\/International\/wp-json\/wp\/v2\/users\/1772"}],"replies":[{"embeddable":true,"href":"https:\/\/linitiative.ca\/International\/wp-json\/wp\/v2\/comments?post=25918"}],"version-history":[{"count":0,"href":"https:\/\/linitiative.ca\/International\/wp-json\/wp\/v2\/posts\/25918\/revisions"}],"wp:featuredmedia":[{"embeddable":true,"href":"https:\/\/linitiative.ca\/International\/wp-json\/"}],"wp:attachment":[{"href":"https:\/\/linitiative.ca\/International\/wp-json\/wp\/v2\/media?parent=25918"}],"wp:term":[{"taxonomy":"category","embeddable":true,"href":"https:\/\/linitiative.ca\/International\/wp-json\/wp\/v2\/categories?post=25918"},{"taxonomy":"post_tag","embeddable":true,"href":"https:\/\/linitiative.ca\/International\/wp-json\/wp\/v2\/tags?post=25918"}],"curies":[{"name":"wp","href":"https:\/\/api.w.org\/{rel}","templated":true}]}}