{"id":25928,"date":"2019-04-04T06:00:00","date_gmt":"2019-04-04T10:00:00","guid":{"rendered":"https:\/\/linitiative.ca\/International\/le-systeme-de-recherche-afis-utilise-par-les-services-de-police\/"},"modified":"2019-04-04T06:00:00","modified_gmt":"2019-04-04T10:00:00","slug":"le-systeme-de-recherche-afis-utilise-par-les-services-de-police","status":"publish","type":"post","link":"https:\/\/linitiative.ca\/International\/le-systeme-de-recherche-afis-utilise-par-les-services-de-police\/","title":{"rendered":"Le syst\u00e8me de recherche \u00abAfis\u00bb utilis\u00e9 par les services de police"},"content":{"rendered":"<p>Deux jeunes \u00e2g\u00e9s de 21 ans et 33 ans ont \u00e9t\u00e9 identifi\u00e9s et arr\u00eat\u00e9s par la police judiciaire d&rsquo;Oum-el-Bouaghi.<br \/>Selon un communiqu\u00e9 de la S\u00fbret\u00e9 de wilaya, dans le cadre de la lutte contre les diff\u00e9rents d\u00e9lits et crimes , les \u00e9l\u00e9ments de la police judiciaire d&rsquo;Oum-el-Bouaghi ont agi suite \u00e0 une plainte port\u00e9e par un homme, victime d&rsquo;un vol commis en date du 25 mars \u00e9coul\u00e9 dans son v\u00e9hicule et qui a cibl\u00e9 une importante somme d&rsquo;argent.<br \/>A partir d&rsquo;indices en leur possession et le recours au syst\u00e8me \u00abAfis\u00bb , une technologie qui permet de reconna\u00eetre des personnes physiques \u00e0 partir d&#8217;empreintes digitales laiss\u00e9es sur les lieux des forfaits ainsi que l&rsquo;exploitation des cam\u00e9ras plac\u00e9es sur les magasins avoisinant les lieux du vol , les limiers ont r\u00e9ussi \u00e0 identifier les auteurs de ce vol.<br \/>Il s&rsquo;agit de trois personnes originaires de la commune de Khenchela dont deux \u00e2g\u00e9s de 21 ans et 33 ans\u00a0 qui ont \u00e9t\u00e9 arr\u00eat\u00e9s et un troisi\u00e8me complice demeure activement recherch\u00e9. En date du 1er avril , et apr\u00e8s avoir ficel\u00e9 un dossier judiciaire \u00e0 l&rsquo;encontre des personnes impliqu\u00e9es dans cette affaire de vol, les deux jeunes ont \u00e9t\u00e9 pr\u00e9sent\u00e9s devant le procureur de la R\u00e9publique qui a ordonn\u00e9 leur d\u00e9tention pr\u00e9ventive au motif de constitution de bande de malfaiteurs et vol par effraction de v\u00e9hicule en utilisant un moyen motoris\u00e9.<br \/>Les services de la police ont r\u00e9cup\u00e9r\u00e9 une somme de 25 500 dinars et une moto cylindr\u00e9e de type \u00abDrox\u00bb acquise \u00e0 partir de la somme d&rsquo;argent subtilis\u00e9e et ont \u00e9galement saisi le v\u00e9hicule qui a \u00e9t\u00e9 utilis\u00e9 par les malfrats .<br \/>Moussa Chtatha<\/p>\n<p>Auteur:<br \/>\n<a href=\"https:\/\/www.lesoirdalgerie.com\/faits-divers\/le-systeme-de-recherche-afis-utilise-par-les-services-de-police-21768\">Cliquez ici pour lire l&rsquo;article depuis sa source.<\/a><\/p>\n","protected":false},"excerpt":{"rendered":"<p>Deux jeunes \u00e2g\u00e9s de 21 ans et 33 ans ont \u00e9t\u00e9 identifi\u00e9s et arr\u00eat\u00e9s par la police judiciaire d&rsquo;Oum-el-Bouaghi.Selon un communiqu\u00e9 de la S\u00fbret\u00e9 de wilaya, dans le cadre de la lutte contre les diff\u00e9rents d\u00e9lits et crimes , les \u00e9l\u00e9ments de la police judiciaire d&rsquo;Oum-el-Bouaghi ont agi suite \u00e0 une plainte port\u00e9e par un [&hellip;]<\/p>\n","protected":false},"author":1741,"featured_media":0,"comment_status":"closed","ping_status":"closed","sticky":false,"template":"","format":"standard","meta":{"fifu_image_url":"","fifu_image_alt":"","footnotes":""},"categories":[73,53],"tags":[],"class_list":["post-25928","post","type-post","status-publish","format-standard","hentry","category-actualite","category-algerie"],"_links":{"self":[{"href":"https:\/\/linitiative.ca\/International\/wp-json\/wp\/v2\/posts\/25928","targetHints":{"allow":["GET"]}}],"collection":[{"href":"https:\/\/linitiative.ca\/International\/wp-json\/wp\/v2\/posts"}],"about":[{"href":"https:\/\/linitiative.ca\/International\/wp-json\/wp\/v2\/types\/post"}],"author":[{"embeddable":true,"href":"https:\/\/linitiative.ca\/International\/wp-json\/wp\/v2\/users\/1741"}],"replies":[{"embeddable":true,"href":"https:\/\/linitiative.ca\/International\/wp-json\/wp\/v2\/comments?post=25928"}],"version-history":[{"count":0,"href":"https:\/\/linitiative.ca\/International\/wp-json\/wp\/v2\/posts\/25928\/revisions"}],"wp:attachment":[{"href":"https:\/\/linitiative.ca\/International\/wp-json\/wp\/v2\/media?parent=25928"}],"wp:term":[{"taxonomy":"category","embeddable":true,"href":"https:\/\/linitiative.ca\/International\/wp-json\/wp\/v2\/categories?post=25928"},{"taxonomy":"post_tag","embeddable":true,"href":"https:\/\/linitiative.ca\/International\/wp-json\/wp\/v2\/tags?post=25928"}],"curies":[{"name":"wp","href":"https:\/\/api.w.org\/{rel}","templated":true}]}}