{"id":25930,"date":"2019-04-04T06:00:00","date_gmt":"2019-04-04T10:00:00","guid":{"rendered":"https:\/\/linitiative.ca\/International\/sauvons-les-du-trauma\/"},"modified":"2019-04-04T06:00:00","modified_gmt":"2019-04-04T10:00:00","slug":"sauvons-les-du-trauma","status":"publish","type":"post","link":"https:\/\/linitiative.ca\/International\/sauvons-les-du-trauma\/","title":{"rendered":"Sauvons-les du trauma !"},"content":{"rendered":"<p class=\"c3\">&#8211; Et tu crois que le d\u00e9part de Abdekka va avoir un impact sur le vendredi ?<br \/>&#8211; Tiens ! Passe-moi tes marqueurs ! Les miens sont \u00e0 sec et j\u2019ai encore tout un tas de pancartes \u00e0 confectionner !<br \/>&#8211; ???<\/p>\n<p class=\"c3\">On est en 2e R\u00e9publique ? Non ? Ah ! Pas encore ! C\u2019est dommage, mais \u00e7a peut tout de m\u00eame le faire. Voil\u00e0 ma demande. Un geste ! Un petit geste pour le gouvernement le plus \u00abcourt\u00bb dans l\u2019histoire mondiale des \u00abshort-government\u00bb. Je pense surtout \u00e0 ces jeunes \u00abministres\u00bb envoy\u00e9s au charbon et aux quolibets par le Clan. Oh ! Pas grand-chose ! Un geste. Un truc qui fasse qu\u2019ils ne soient pas juste entr\u00e9s et sortis dans un bureau, quelques heures seulement. Une d\u00e9cision qui leur laisse d\u2019autres souvenirs que ceux d\u2019insultes, de moqueries (moi-m\u00eame j\u2019y ai particip\u00e9 !) et de charges violentes. Oui, bon, d\u2019accord, ils ont c\u00e9d\u00e9 \u00e0 un appel. Mais qui d\u2019entre des jeunes sans exp\u00e9rience, \u00e9blouis par les lustres et dorures de la R\u00e9publique, aurait r\u00e9ellement mis sa main sur sa poitrine et cri\u00e9 \u00e0 la face du Clan qui l\u2019aurait sollicit\u00e9 \u00abMoi ? Vous n\u2019y pensez pas ! C\u2019est une injure que vous me faites l\u00e0 \u00bb ? Ne vous pr\u00e9cipitez pas \u00e0 me r\u00e9pondre ! La jeunesse est g\u00e9n\u00e9ratrice d\u2019impulsions souvent irraisonn\u00e9es. Et ils y ont c\u00e9d\u00e9 ! Mais on peut aujourd\u2019hui les aider \u00e0 vivre ce trauma. Mais non ! Pas les mugs ! M\u2019enfin ! De vulgaires tasses sigl\u00e9es \u00abGouvernement Bedoui\u00bb ? C\u2019est riquiqui, voire mesquin ! Et pourquoi pas des stylos avec plaqu\u00e9e dessus en s\u00e9rigraphie la photo du Premier ministre ! Allons ! Allons ! Je pense plut\u00f4t \u00e0 quelque chose d\u2019un peu plus marqu\u00e9. D\u2019un peu plus durable ! Des livres ! Voil\u00e0 ! Des livres ! Des bouquins pr\u00e9cieux, joliment reli\u00e9s et traitant de sujets pouvant aider la jeunesse \u00e0 m\u00fbrir, \u00e0 \u00e9voluer, \u00e0 dompter les \u00e9lans meurtriers. Meurtriers pour leur avenir, s\u2019entend. Du Montesquieu ! Je pense que Montesquieu et ses \u00abLettres Persanes\u00bb ou encore Pascal et ses \u00abPens\u00e9es\u00bb, c\u2019est tout indiqu\u00e9. C\u2019est tr\u00e8s bien \u00e7a ! Une bonne collection de livres, \u00e7a aide toujours \u00e0 traverser un cap. A revenir sans trop de d\u00e9g\u00e2ts sur terre, apr\u00e8s un traquenard pareil. Et si des livres ne suffisent pas, je les invite tous, gracieusement, dans ma \u00abGrotte \u00e0 Crayons\u00bb. Nous y fumerons ensemble du th\u00e9 pour rester joyeusement \u00e9veill\u00e9s \u00e0 ce cauchemar qui continue.<br \/><em><strong>H. L.<\/strong><\/em><\/p>\n<p>Auteur:<br \/>\n<a href=\"https:\/\/www.lesoirdalgerie.com\/pousse-avec-eux\/sauvons-les-du-trauma-21766\">Cliquez ici pour lire l&rsquo;article depuis sa source.<\/a><\/p>\n","protected":false},"excerpt":{"rendered":"<p>&#8211; Et tu crois que le d\u00e9part de Abdekka va avoir un impact sur le vendredi ?&#8211; Tiens ! Passe-moi tes marqueurs ! Les miens sont \u00e0 sec et j\u2019ai encore tout un tas de pancartes \u00e0 confectionner !&#8211; ??? On est en 2e R\u00e9publique ? Non ? Ah ! Pas encore ! C\u2019est dommage, [&hellip;]<\/p>\n","protected":false},"author":1741,"featured_media":0,"comment_status":"closed","ping_status":"closed","sticky":false,"template":"","format":"standard","meta":{"fifu_image_url":"","fifu_image_alt":"","footnotes":""},"categories":[73,53],"tags":[],"class_list":["post-25930","post","type-post","status-publish","format-standard","hentry","category-actualite","category-algerie"],"_links":{"self":[{"href":"https:\/\/linitiative.ca\/International\/wp-json\/wp\/v2\/posts\/25930","targetHints":{"allow":["GET"]}}],"collection":[{"href":"https:\/\/linitiative.ca\/International\/wp-json\/wp\/v2\/posts"}],"about":[{"href":"https:\/\/linitiative.ca\/International\/wp-json\/wp\/v2\/types\/post"}],"author":[{"embeddable":true,"href":"https:\/\/linitiative.ca\/International\/wp-json\/wp\/v2\/users\/1741"}],"replies":[{"embeddable":true,"href":"https:\/\/linitiative.ca\/International\/wp-json\/wp\/v2\/comments?post=25930"}],"version-history":[{"count":0,"href":"https:\/\/linitiative.ca\/International\/wp-json\/wp\/v2\/posts\/25930\/revisions"}],"wp:attachment":[{"href":"https:\/\/linitiative.ca\/International\/wp-json\/wp\/v2\/media?parent=25930"}],"wp:term":[{"taxonomy":"category","embeddable":true,"href":"https:\/\/linitiative.ca\/International\/wp-json\/wp\/v2\/categories?post=25930"},{"taxonomy":"post_tag","embeddable":true,"href":"https:\/\/linitiative.ca\/International\/wp-json\/wp\/v2\/tags?post=25930"}],"curies":[{"name":"wp","href":"https:\/\/api.w.org\/{rel}","templated":true}]}}