{"id":25940,"date":"2019-04-04T07:35:55","date_gmt":"2019-04-04T11:35:55","guid":{"rendered":"https:\/\/linitiative.ca\/International\/la-14eme-edition-du-siam-du-16-au-21-avril-a-meknes\/"},"modified":"2019-04-04T07:35:55","modified_gmt":"2019-04-04T11:35:55","slug":"la-14eme-edition-du-siam-du-16-au-21-avril-a-meknes","status":"publish","type":"post","link":"https:\/\/linitiative.ca\/International\/la-14eme-edition-du-siam-du-16-au-21-avril-a-meknes\/","title":{"rendered":"La 14\u00e8me \u00e9dition du SIAM, du 16 au 21 avril \u00e0 Mekn\u00e8s"},"content":{"rendered":"<p>La 14\u00e8me \u00e9dition du Salon International de l\u2019Agriculture (<strong>SIAM<\/strong>) se tiendra du 16 au 21 avril \u00e0 Mekn\u00e8s sous le th\u00e8me \u00ab\u00a0L\u2019agriculture, levier d\u2019emploi et avenir du monde rural\u00a0\u00bb, a annonc\u00e9 jeudi l\u2019Association du Salon.<\/p>\n<div class=\"c10\"\/>\n<p>Organis\u00e9e sous le Haut Patronage de SM le Roi Mohammed VI, la 14\u00e8me \u00e9dition du SIAM accueille la Suisse comme pays \u00e0 l\u2019honneur, pr\u00e9cise l\u2019Association qui a tenu mardi dernier son Conseil d\u2019administration sous la pr\u00e9sidence de Aziz Akhannouch, ministre de l\u2019Agriculture, de la P\u00eache Maritime, du D\u00e9veloppement Rural et des Eaux et For\u00eats en pr\u00e9sence du pr\u00e9sident de l\u2019Association, Tarik Sijilmassi et des membres du Conseil d\u2019administration.<\/p>\n<p>D\u00e9ploy\u00e9 sur une superficie de 185.000 m\u00b2 dont 95.000 m\u00b2 couverts, le SIAM, qui compte parmi les plus grands \u00e9v\u00e9nements de l\u2019Afrique d\u00e9di\u00e9s \u00e0 l\u2019agriculture et aux acteurs du secteur agricole, devrait accueillir 1500 exposants repr\u00e9sentant 60 pays participants, fait savoir l\u2019Association du SIAM dans un communiqu\u00e9, notant qu\u2019un million de visiteurs sont \u00e9galement attendus.<\/p>\n<p>Le Salon est organis\u00e9 autour de 10 p\u00f4les diff\u00e9rents et va abriter 300 conf\u00e9rences sur les diff\u00e9rentes th\u00e9matiques li\u00e9es \u00e0 l\u2019actualit\u00e9 agricole, indique la m\u00eame source, ajoutant que les visiteurs du SIAM auront l\u2019occasion de d\u00e9couvrir des concours des diff\u00e9rentes races au p\u00f4le \u00c9levage, des animations Ring &#038; Show \u00e9questre ainsi que plusieurs autres animations.<\/p>\n<p>Le Grand Prix Hassan II pour l\u2019invention et la recherche dans le domaine agricole, une Remise des prix \u00ab\u00a0meilleure qualit\u00e9 des huiles d\u2019olives vierges extra\u00a0\u00bb, ainsi que la c\u00e9r\u00e9monie du Grand prix national de la presse agricole et rurale seront organis\u00e9s comme chaque ann\u00e9e pendant le SIAM, rappelle-t-on.<\/p>\n<p>L\u2019Association souligne, par ailleurs, que la Suisse, l\u2019une des \u00e9conomies les plus comp\u00e9titives au monde, est accueillie pour la premi\u00e8re fois en tant qu\u2019invit\u00e9 d\u2019honneur au SIAM, ajoutant que pr\u00e8s de la moiti\u00e9 du territoire suisse est exploit\u00e9 dans l\u2019agriculture, qui fournit \u00e0 son tour plus de la moiti\u00e9 des biens alimentaires consomm\u00e9s en Suisse.<\/p>\n<p>Ce pays, qui est \u00e9galement leader de la production agroalimentaire, accorde une grande importance \u00e0 la recherche et d\u00e9veloppement et y consacre chaque ann\u00e9e plus de 18,5 milliards de franc suisse CHF (pr\u00e8s de 180 milliards de dirhams), soit pr\u00e8s de 3% de son PIB, selon la m\u00eame source.<\/p>\n<p>Le Conseil d\u2019administration de l\u2019Association du SIAM a fait le point sur la pr\u00e9c\u00e9dente \u00e9dition du SIAM qui a attir\u00e9 plus d\u2019un million de visiteurs. L\u2019\u00e9dition 2018 a accueilli les Pays-Bas comme pays \u00e0 l\u2019honneur et a connu l\u2019organisation de 33 conf\u00e9rences et 21 signatures de conventions couverts par plus de 500 m\u00e9dias nationaux et internationaux.<\/p>\n<div class=\"c17\">\n<fieldset class=\"c16\">\n<legend><strong><span class=\"c11\">Challenge<\/span><span class=\"c12\">news<\/span><\/strong><\/legend>\n<div class=\"c15\">Le meilleur de la r\u00e9daction s\u00e9lectionn\u00e9 par Challenge :<\/p>\n<\/div>\n<\/fieldset>\n<\/div>\n<p>Auteur: challenge<br \/>\n<a href=\"https:\/\/www.challenge.ma\/la-14eme-edition-du-siam-du-16-au-21-avril-a-meknes-107265\/\">Cliquez ici pour lire l&rsquo;article depuis sa source.<\/a><\/p>\n","protected":false},"excerpt":{"rendered":"<p>La 14\u00e8me \u00e9dition du Salon International de l\u2019Agriculture (SIAM) se tiendra du 16 au 21 avril \u00e0 Mekn\u00e8s sous le th\u00e8me \u00ab\u00a0L\u2019agriculture, levier d\u2019emploi et avenir du monde rural\u00a0\u00bb, a annonc\u00e9 jeudi l\u2019Association du Salon. Organis\u00e9e sous le Haut Patronage de SM le Roi Mohammed VI, la 14\u00e8me \u00e9dition du SIAM accueille la Suisse comme [&hellip;]<\/p>\n","protected":false},"author":1787,"featured_media":0,"comment_status":"closed","ping_status":"closed","sticky":false,"template":"","format":"standard","meta":{"fifu_image_url":"","fifu_image_alt":"","footnotes":""},"categories":[78,54],"tags":[],"class_list":["post-25940","post","type-post","status-publish","format-standard","hentry","category-economie","category-maroc"],"_links":{"self":[{"href":"https:\/\/linitiative.ca\/International\/wp-json\/wp\/v2\/posts\/25940","targetHints":{"allow":["GET"]}}],"collection":[{"href":"https:\/\/linitiative.ca\/International\/wp-json\/wp\/v2\/posts"}],"about":[{"href":"https:\/\/linitiative.ca\/International\/wp-json\/wp\/v2\/types\/post"}],"author":[{"embeddable":true,"href":"https:\/\/linitiative.ca\/International\/wp-json\/wp\/v2\/users\/1787"}],"replies":[{"embeddable":true,"href":"https:\/\/linitiative.ca\/International\/wp-json\/wp\/v2\/comments?post=25940"}],"version-history":[{"count":0,"href":"https:\/\/linitiative.ca\/International\/wp-json\/wp\/v2\/posts\/25940\/revisions"}],"wp:attachment":[{"href":"https:\/\/linitiative.ca\/International\/wp-json\/wp\/v2\/media?parent=25940"}],"wp:term":[{"taxonomy":"category","embeddable":true,"href":"https:\/\/linitiative.ca\/International\/wp-json\/wp\/v2\/categories?post=25940"},{"taxonomy":"post_tag","embeddable":true,"href":"https:\/\/linitiative.ca\/International\/wp-json\/wp\/v2\/tags?post=25940"}],"curies":[{"name":"wp","href":"https:\/\/api.w.org\/{rel}","templated":true}]}}