{"id":25962,"date":"2019-04-04T16:16:58","date_gmt":"2019-04-04T20:16:58","guid":{"rendered":"https:\/\/linitiative.ca\/International\/tunisie-zarzis-demantelement-dune-cellule-de-soutien-logistique-a-des-groupes-terroristes\/"},"modified":"2019-04-04T16:16:58","modified_gmt":"2019-04-04T20:16:58","slug":"tunisie-zarzis-demantelement-dune-cellule-de-soutien-logistique-a-des-groupes-terroristes","status":"publish","type":"post","link":"https:\/\/linitiative.ca\/International\/tunisie-zarzis-demantelement-dune-cellule-de-soutien-logistique-a-des-groupes-terroristes\/","title":{"rendered":"Tunisie \u2013 Zarzis\u00a0: D\u00e9mant\u00e8lement d\u2019une cellule de soutien logistique \u00e0 des groupes terroristes"},"content":{"rendered":"<div class=\"post-cont-in left relative\">\n<div class=\"nc_socialPanel swp_flatFresh swp_d_fullColor swp_i_fullColor swp_o_fullColor scale-100 scale-fullWidth\" data-position=\"none\" data-float=\"floatNone\" data-count=\"5\" data-floatcolor=\"#ffffff\" data-emphasize=\"0\">\n<div class=\"nc_tweetContainer totes totesalt\" data-id=\"6\"><span class=\"swp_count\"><span class=\"swp_label\">Partages<\/span> 11<\/span><\/div>\n<\/div>\n<p>Les unit\u00e9s sp\u00e9cialis\u00e9es du district de la garde nationale \u00e0 M\u00e9denine a r\u00e9ussi, suite \u00e0 une descente, \u00e0 appr\u00e9hender quatre individus qui constituaient une cellule de soutien logistique, \u00e0 des groupes terroristes \u00e9voluant \u00e0 l\u2019\u00e9tranger.<\/p>\n<p>Les \u00e9l\u00e9ments de cette cellule avaient pour r\u00f4le de surveiller les mouvements des s\u00e9curitaires dans la r\u00e9gion, et de collecter des fonds au profit des \u00e9l\u00e9ments terroristes.<\/p>\n<div class=\"code-block code-block-1 c3\"><ins class=\"adsbygoogle c2\" data-ad-layout=\"in-article\" data-ad-format=\"fluid\" data-ad-client=\"ca-pub-2102118777505746\" data-ad-slot=\"7301775417\"\/> <\/div>\n<div class=\"mvp-org-wrap mvp-org-logo\" itemprop=\"publisher\" itemscope=\"\" itemtype=\"https:\/\/schema.org\/Organization\"><img decoding=\"async\" src=\"https:\/\/www.tunisienumerique.com\/wp-content\/uploads\/2017\/02\/logo_tunisie_numerique.png\"\/><\/div>\n<div class=\"nc_socialPanel swp_flatFresh swp_d_fullColor swp_i_fullColor swp_o_fullColor scale-100 scale-fullWidth\" data-position=\"none\" data-float=\"floatNone\" data-count=\"5\" data-floatcolor=\"#ffffff\" data-emphasize=\"0\">\n<div class=\"nc_tweetContainer totes totesalt\" data-id=\"6\"><span class=\"swp_count\"><span class=\"swp_label\">Partages<\/span> 11<\/span><\/div>\n<\/div>\n<div class=\"mvp-related-posts left relative\">\n<h4 class=\"post-header\"><span class=\"post-header\">Lire aussi<\/span><\/h4>\n<\/div>\n<\/div>\n<p>Auteur: LM<br \/>\n<a href=\"https:\/\/www.tunisienumerique.com\/tunisie-zarzis-demantelement-dune-cellule-de-soutien-logistique-a-des-groupes-terroristes\/\">Cliquez ici pour lire l&rsquo;article depuis sa source.<\/a><\/p>\n","protected":false},"excerpt":{"rendered":"<p>Partages 11 Les unit\u00e9s sp\u00e9cialis\u00e9es du district de la garde nationale \u00e0 M\u00e9denine a r\u00e9ussi, suite \u00e0 une descente, \u00e0 appr\u00e9hender quatre individus qui constituaient une cellule de soutien logistique, \u00e0 des groupes terroristes \u00e9voluant \u00e0 l\u2019\u00e9tranger. Les \u00e9l\u00e9ments de cette cellule avaient pour r\u00f4le de surveiller les mouvements des s\u00e9curitaires dans la r\u00e9gion, et [&hellip;]<\/p>\n","protected":false},"author":1789,"featured_media":25963,"comment_status":"closed","ping_status":"closed","sticky":false,"template":"","format":"standard","meta":{"fifu_image_url":"","fifu_image_alt":"","footnotes":""},"categories":[73,55],"tags":[],"class_list":["post-25962","post","type-post","status-publish","format-standard","has-post-thumbnail","hentry","category-actualite","category-tunisie"],"_links":{"self":[{"href":"https:\/\/linitiative.ca\/International\/wp-json\/wp\/v2\/posts\/25962","targetHints":{"allow":["GET"]}}],"collection":[{"href":"https:\/\/linitiative.ca\/International\/wp-json\/wp\/v2\/posts"}],"about":[{"href":"https:\/\/linitiative.ca\/International\/wp-json\/wp\/v2\/types\/post"}],"author":[{"embeddable":true,"href":"https:\/\/linitiative.ca\/International\/wp-json\/wp\/v2\/users\/1789"}],"replies":[{"embeddable":true,"href":"https:\/\/linitiative.ca\/International\/wp-json\/wp\/v2\/comments?post=25962"}],"version-history":[{"count":0,"href":"https:\/\/linitiative.ca\/International\/wp-json\/wp\/v2\/posts\/25962\/revisions"}],"wp:featuredmedia":[{"embeddable":true,"href":"https:\/\/linitiative.ca\/International\/wp-json\/"}],"wp:attachment":[{"href":"https:\/\/linitiative.ca\/International\/wp-json\/wp\/v2\/media?parent=25962"}],"wp:term":[{"taxonomy":"category","embeddable":true,"href":"https:\/\/linitiative.ca\/International\/wp-json\/wp\/v2\/categories?post=25962"},{"taxonomy":"post_tag","embeddable":true,"href":"https:\/\/linitiative.ca\/International\/wp-json\/wp\/v2\/tags?post=25962"}],"curies":[{"name":"wp","href":"https:\/\/api.w.org\/{rel}","templated":true}]}}