{"id":25964,"date":"2019-04-04T16:27:26","date_gmt":"2019-04-04T20:27:26","guid":{"rendered":"https:\/\/linitiative.ca\/International\/tunisie-arp-petition-contre-la-nouvelle-loi-de-la-retraite\/"},"modified":"2019-04-04T16:27:26","modified_gmt":"2019-04-04T20:27:26","slug":"tunisie-arp-petition-contre-la-nouvelle-loi-de-la-retraite","status":"publish","type":"post","link":"https:\/\/linitiative.ca\/International\/tunisie-arp-petition-contre-la-nouvelle-loi-de-la-retraite\/","title":{"rendered":"Tunisie \u2013 ARP\u00a0: P\u00e9tition contre la nouvelle loi de la retraite"},"content":{"rendered":"<div class=\"post-cont-in left relative\">\n<div class=\"nc_socialPanel swp_flatFresh swp_d_fullColor swp_i_fullColor swp_o_fullColor scale-100 scale-fullWidth\" data-position=\"none\" data-float=\"floatNone\" data-count=\"5\" data-floatcolor=\"#ffffff\" data-emphasize=\"0\">\n<div class=\"nc_tweetContainer totes totesalt\" data-id=\"6\"><span class=\"swp_count\"><span class=\"swp_label\">Partages<\/span> 20<\/span><\/div>\n<\/div>\n<p>43 d\u00e9put\u00e9s ont sign\u00e9, ce vendredi, une p\u00e9tition qui a \u00e9t\u00e9 adress\u00e9e \u00e0 l\u2019instance de contr\u00f4le de la constitutionnalit\u00e9 des lois, pour recourir contre certains articles de la nouvelle loi r\u00e9gissant le syst\u00e8me des retraites. L\u2019instance devra statuer dans la semaine qui suit sur la suite \u00e0 donner \u00e0 cette p\u00e9tition, qui a \u00e9t\u00e9 sign\u00e9e par des d\u00e9put\u00e9s de l\u2019opposition et quelques uns du bloc de Nidaa Tounes.<\/p>\n<div class=\"mvp-org-wrap mvp-org-logo\" itemprop=\"publisher\" itemscope=\"\" itemtype=\"https:\/\/schema.org\/Organization\"><img decoding=\"async\" src=\"https:\/\/www.tunisienumerique.com\/wp-content\/uploads\/2017\/02\/logo_tunisie_numerique.png\"\/><\/div>\n<div class=\"nc_socialPanel swp_flatFresh swp_d_fullColor swp_i_fullColor swp_o_fullColor scale-100 scale-fullWidth\" data-position=\"none\" data-float=\"floatNone\" data-count=\"5\" data-floatcolor=\"#ffffff\" data-emphasize=\"0\">\n<div class=\"nc_tweetContainer totes totesalt\" data-id=\"6\"><span class=\"swp_count\"><span class=\"swp_label\">Partages<\/span> 20<\/span><\/div>\n<\/div>\n<div class=\"mvp-related-posts left relative\">\n<h4 class=\"post-header\"><span class=\"post-header\">Lire aussi<\/span><\/h4>\n<\/div>\n<\/div>\n<p>Auteur: LM<br \/>\n<a href=\"https:\/\/www.tunisienumerique.com\/tunisie-arp-petition-contre-la-nouvelle-loi-de-la-retraite\/\">Cliquez ici pour lire l&rsquo;article depuis sa source.<\/a><\/p>\n","protected":false},"excerpt":{"rendered":"<p>Partages 20 43 d\u00e9put\u00e9s ont sign\u00e9, ce vendredi, une p\u00e9tition qui a \u00e9t\u00e9 adress\u00e9e \u00e0 l\u2019instance de contr\u00f4le de la constitutionnalit\u00e9 des lois, pour recourir contre certains articles de la nouvelle loi r\u00e9gissant le syst\u00e8me des retraites. L\u2019instance devra statuer dans la semaine qui suit sur la suite \u00e0 donner \u00e0 cette p\u00e9tition, qui a [&hellip;]<\/p>\n","protected":false},"author":1789,"featured_media":25965,"comment_status":"closed","ping_status":"closed","sticky":false,"template":"","format":"standard","meta":{"fifu_image_url":"","fifu_image_alt":"","footnotes":""},"categories":[73,55],"tags":[],"class_list":["post-25964","post","type-post","status-publish","format-standard","has-post-thumbnail","hentry","category-actualite","category-tunisie"],"_links":{"self":[{"href":"https:\/\/linitiative.ca\/International\/wp-json\/wp\/v2\/posts\/25964","targetHints":{"allow":["GET"]}}],"collection":[{"href":"https:\/\/linitiative.ca\/International\/wp-json\/wp\/v2\/posts"}],"about":[{"href":"https:\/\/linitiative.ca\/International\/wp-json\/wp\/v2\/types\/post"}],"author":[{"embeddable":true,"href":"https:\/\/linitiative.ca\/International\/wp-json\/wp\/v2\/users\/1789"}],"replies":[{"embeddable":true,"href":"https:\/\/linitiative.ca\/International\/wp-json\/wp\/v2\/comments?post=25964"}],"version-history":[{"count":0,"href":"https:\/\/linitiative.ca\/International\/wp-json\/wp\/v2\/posts\/25964\/revisions"}],"wp:featuredmedia":[{"embeddable":true,"href":"https:\/\/linitiative.ca\/International\/wp-json\/"}],"wp:attachment":[{"href":"https:\/\/linitiative.ca\/International\/wp-json\/wp\/v2\/media?parent=25964"}],"wp:term":[{"taxonomy":"category","embeddable":true,"href":"https:\/\/linitiative.ca\/International\/wp-json\/wp\/v2\/categories?post=25964"},{"taxonomy":"post_tag","embeddable":true,"href":"https:\/\/linitiative.ca\/International\/wp-json\/wp\/v2\/tags?post=25964"}],"curies":[{"name":"wp","href":"https:\/\/api.w.org\/{rel}","templated":true}]}}