{"id":25966,"date":"2019-04-04T16:12:04","date_gmt":"2019-04-04T20:12:04","guid":{"rendered":"https:\/\/linitiative.ca\/International\/fin-humiliante-de-boutef-en-algerie-une-chute-qui-devrait-donner-a-reflechir-aux-pouvoiristes-du-continent\/"},"modified":"2019-04-04T16:12:04","modified_gmt":"2019-04-04T20:12:04","slug":"fin-humiliante-de-boutef-en-algerie-une-chute-qui-devrait-donner-a-reflechir-aux-pouvoiristes-du-continent","status":"publish","type":"post","link":"https:\/\/linitiative.ca\/International\/fin-humiliante-de-boutef-en-algerie-une-chute-qui-devrait-donner-a-reflechir-aux-pouvoiristes-du-continent\/","title":{"rendered":"FIN HUMILIANTE DE BOUTEF EN ALGERIE   : Une chute qui devrait donner \u00e0 r\u00e9fl\u00e9chir aux pouvoiristes du continent"},"content":{"rendered":"<p><img decoding=\"async\" class=\"post_layout_5_img\" src=\"http:\/\/lepays.bf\/wp-content\/uploads\/2019\/04\/alger.jpg\" alt=\"FIN HUMILIANTE DE BOUTEF EN ALGERIE : Une chute qui devrait donner \u00e0 r\u00e9fl\u00e9chir aux pouvoiristes du continent\"\/><\/p>\n<p class=\"c4\"><em>Ce qui est arriv\u00e9 au r\u00e9cent d\u00e9chu pr\u00e9sident alg\u00e9rien, Abdelaziz Bouteflika, est une vraie humiliation. En effet, contraint de renoncer, sous la pression de la rue, \u00e0 un cinqui\u00e8me mandat apr\u00e8s deux d\u00e9cennies de pouvoir, l\u2019ex-homme fort d\u2019Alger qui a d\u2019abord tent\u00e9 de prolonger son quatri\u00e8me mandat en voulant s\u2019imposer \u00e0 la t\u00eate de la transition, ne pourra, au final, m\u00eame pas l\u2019achever pour avoir \u00e9t\u00e9 contraint \u00e0 la d\u00e9mission. Triste fin pour celui qui aura \u00e9t\u00e9 l\u2019Alpha et l\u2019Om\u00e9ga de toutes les grandes d\u00e9cisions politiques de ces vingt derni\u00e8res ann\u00e9es dans son pays dont il \u00e9tait, par ailleurs, aux yeux de beaucoup, l\u2019incarnation m\u00eame du pouvoir. Et surtout, triste sortie de sc\u00e8ne pour un grand timonier qui aura finalement laiss\u00e9 de lui la piteuse image d\u2019un vieux pr\u00e9sident malade et s\u2019accrochant d\u00e9sesp\u00e9r\u00e9ment avec ce qui lui restait comme forces, \u00e0 un pouvoir que la rue n\u2019a eu aucune peine \u00e0 lui retirer, en l\u2019espace d\u2019un mois et demi de mobilisations pacifiques.<\/em><\/p>\n<p><strong>L\u2019histoire risque de ne retenir que cette sortie sans gloire<\/strong><\/p>\n<p class=\"c4\"><em>Quel g\u00e2chis\u00a0! Surtout quand on pense que Bouteflika avait la possibilit\u00e9 d\u2019\u00e9viter une telle honte, s\u2019il avait su se retirer \u00e0 temps. On peut m\u00eame dire qu\u2019il a vendang\u00e9 tout le capital de sympathie qui accompagnait la belle image d\u2019homme de poigne et de b\u00e2tisseur craint, qu\u2019il s\u2019\u00e9tait forg\u00e9e au fil des ans. Car, l\u2019histoire risque malheureusement de ne retenir que cette sortie sans gloire d\u2019un pr\u00e9sident \u00e0 qui le peuple aura fini par arracher<\/em><br \/><em>des mains, un pouvoir qu\u2019il voulait confisquer.<\/em><br \/><em>C\u2019est pourquoi l\u2019on peut \u00eatre pris de commis\u00e9ration pour ce vieillard affaibli par la maladie et r\u00e9duit, au cr\u00e9puscule de son r\u00e8gne et de sa vie, \u00e0 un acte de contrition pour demander pardon \u00e0 son peuple depuis son fauteuil roulant. Cette image de Boutef fait piti\u00e9. Ce cinqui\u00e8me mandat \u00e9tait visiblement celui de trop, mais Bouteflika ne s\u2019en est rendu compte que quand son peuple s\u2019est d\u00e9cid\u00e9 \u00e0 le lui rappeler bruyamment dans la rue. Pire, croyant pouvoir, dans un dernier baroud d\u2019honneur, terminer dignement son mandat finissant, il boira le calice de l\u2019humiliation jusqu\u2019\u00e0 la lie, pouss\u00e9 \u00e0 la d\u00e9mission hic et nunc par une arm\u00e9e qui a aussi fini par le l\u00e2cher.\u00a0<\/em> <em>Une chute qui devrait donner \u00e0 r\u00e9fl\u00e9chir \u00e0 tous les pouvoiristes et autres satrapes du continent, qui ne s\u2019imaginent pas une autre vie en dehors du pouvoir, et qui sont pr\u00eats \u00e0 tous les exc\u00e8s, m\u00eame les plus abjects, pour se maintenir contre bourrasques et tsunamis, au pouvoir. Car, tel semble le sort qui attend ces \u00eatres de chair qui se sentent souvent une \u00e2me de d\u00e9miurges au point de finir par rev\u00eatir le manteau d\u2019oppresseurs de leur peuple. Ils oublient que leurs concitoyens, exc\u00e9d\u00e9s, peuvent briser la digue de la peur qui entretient le mythe de leur toute-puissance. Ils ont pour noms Denis Sassou Nguesso au Congo Brazzaville, Paul Biya au Cameroun, Faure Gnassingb\u00e9 au Togo, Yoweri Museveni en Ouganda et on en oublie, qui ont fini par se fossiliser au pouvoir au point qu\u2019il n\u2019y a visiblement aucune perspective d\u2019alternance au sommet de leurs pays respectifs. Mais<\/em> <em>sont aussi de cette race de dirigeants boulimiques du pouvoir, tous ceux qui, comme le Guin\u00e9en Alpha Cond\u00e9 ou m\u00eame l\u2019Ivoirien Alassane Ouattara, jouant avec les textes, n\u2019excluent pas la possibilit\u00e9 ou caressent le r\u00eave d\u2019un troisi\u00e8me mandat, pour jouer les prolongations \u00e0 la t\u00eate de l\u2019Etat.<\/em><\/p>\n<p><strong>Il est temps de mettre fin au culte de l\u2019indispensabilit\u00e9 en Afrique<\/strong><\/p>\n<p class=\"c4\"><em>Comme si cette propension morbide et mortif\u00e8re \u00e0 s\u2019accrocher au pouvoir, \u00e9tait inscrite quelque part dans l\u2019ADN de bon nombre de dirigeants africains, jusqu\u2019\u00e0 ce qu\u2019ils re\u00e7oivent en pleine figure, l\u2019effet boomerang de leur addiction au pouvoir. Il est temps de mettre fin au culte de l\u2019indispensabilit\u00e9 en Afrique. Car, comme le dit si bien l\u2019adage, \u00ab\u00a0les cimeti\u00e8res sont remplis d\u2019hommes indispensables\u00a0\u00bb, mais cela n\u2019a jamais arr\u00eat\u00e9 la marche du monde encore moins celle des peuples. En outre, en ce XXIe si\u00e8cle o\u00f9 d\u00e9mocratie rime avec alternance, l\u2019on se demande comment des dirigeants sens\u00e9s et qui se disent patriotes, peuvent encore vouloir marcher \u00e0 contre-courant de l\u2019histoire et des aspirations de leur peuple. En tout cas, l\u2019histoire nous enseigne \u00e0 souhait que les longs r\u00e8gnes accouchent souvent de lendemains douloureux et pleins d\u2019incertitudes. C\u2019est ce qui arrive aujourd\u2019hui en Alg\u00e9rie o\u00f9, malgr\u00e9 le d\u00e9part forc\u00e9 du chef de l\u2019Etat, la crise est manifestement loin d\u2019\u00eatre termin\u00e9e. En effet, tout porte \u00e0 croire que pour le peuple qui s\u2019est soulev\u00e9, la lutte continue car d\u2019autres t\u00eates sont r\u00e9clam\u00e9es. Et ce vendredi de mobilisation donnera certainement le ton de l\u2019\u00e9quation de l\u2019apr\u00e8s-Bouteflika, qui se pr\u00e9sente aux Alg\u00e9riens. Dans quel sens ira la transition\u00a0? Bien malin qui saurait le dire. Mais le peuple alg\u00e9rien qui est \u00e0 pr\u00e9sent conscient de sa force, semble bien d\u00e9cid\u00e9 \u00e0 obtenir les changements en profondeur qu\u2019il demande. C\u2019est pourquoi l\u2019on se demande si les premi\u00e8res mesures prises par le gouvernement, allant dans le sens d\u2019une ouverture en direction de la presse, de l\u2019opposition, des associations et des syndicats, seront suffisantes pour faire baisser la fi\u00e8vre. Rien n\u2019est moins s\u00fbr.<\/em><\/p>\n<p><strong>\u00ab\u00a0Le Pays\u00a0\u00bb<\/strong><\/p>\n<p>Auteur: Le Pays<br \/>\n<a href=\"http:\/\/lepays.bf\/fin-humiliante-de-boutef-en-algerie-une-chute-qui-devrait-donner-a-reflechir-aux-pouvoiristes-du-continent\/\">Cliquez ici pour lire l&rsquo;article depuis sa source.<\/a><\/p>\n","protected":false},"excerpt":{"rendered":"<p>Ce qui est arriv\u00e9 au r\u00e9cent d\u00e9chu pr\u00e9sident alg\u00e9rien, Abdelaziz Bouteflika, est une vraie humiliation. En effet, contraint de renoncer, sous la pression de la rue, \u00e0 un cinqui\u00e8me mandat apr\u00e8s deux d\u00e9cennies de pouvoir, l\u2019ex-homme fort d\u2019Alger qui a d\u2019abord tent\u00e9 de prolonger son quatri\u00e8me mandat en voulant s\u2019imposer \u00e0 la t\u00eate de la [&hellip;]<\/p>\n","protected":false},"author":1813,"featured_media":25967,"comment_status":"closed","ping_status":"closed","sticky":false,"template":"","format":"standard","meta":{"fifu_image_url":"","fifu_image_alt":"","footnotes":""},"categories":[73,81],"tags":[],"class_list":["post-25966","post","type-post","status-publish","format-standard","has-post-thumbnail","hentry","category-actualite","category-burkina-faso"],"_links":{"self":[{"href":"https:\/\/linitiative.ca\/International\/wp-json\/wp\/v2\/posts\/25966","targetHints":{"allow":["GET"]}}],"collection":[{"href":"https:\/\/linitiative.ca\/International\/wp-json\/wp\/v2\/posts"}],"about":[{"href":"https:\/\/linitiative.ca\/International\/wp-json\/wp\/v2\/types\/post"}],"author":[{"embeddable":true,"href":"https:\/\/linitiative.ca\/International\/wp-json\/wp\/v2\/users\/1813"}],"replies":[{"embeddable":true,"href":"https:\/\/linitiative.ca\/International\/wp-json\/wp\/v2\/comments?post=25966"}],"version-history":[{"count":0,"href":"https:\/\/linitiative.ca\/International\/wp-json\/wp\/v2\/posts\/25966\/revisions"}],"wp:featuredmedia":[{"embeddable":true,"href":"https:\/\/linitiative.ca\/International\/wp-json\/"}],"wp:attachment":[{"href":"https:\/\/linitiative.ca\/International\/wp-json\/wp\/v2\/media?parent=25966"}],"wp:term":[{"taxonomy":"category","embeddable":true,"href":"https:\/\/linitiative.ca\/International\/wp-json\/wp\/v2\/categories?post=25966"},{"taxonomy":"post_tag","embeddable":true,"href":"https:\/\/linitiative.ca\/International\/wp-json\/wp\/v2\/tags?post=25966"}],"curies":[{"name":"wp","href":"https:\/\/api.w.org\/{rel}","templated":true}]}}