{"id":25970,"date":"2019-04-04T16:18:58","date_gmt":"2019-04-04T20:18:58","guid":{"rendered":"https:\/\/linitiative.ca\/International\/commeration-du-25e-anniversaire-du-genocide-rwandais-exorciser-les-demons-du-passe-pour-mieux-batir-lavenir\/"},"modified":"2019-04-04T16:18:58","modified_gmt":"2019-04-04T20:18:58","slug":"commeration-du-25e-anniversaire-du-genocide-rwandais-exorciser-les-demons-du-passe-pour-mieux-batir-lavenir","status":"publish","type":"post","link":"https:\/\/linitiative.ca\/International\/commeration-du-25e-anniversaire-du-genocide-rwandais-exorciser-les-demons-du-passe-pour-mieux-batir-lavenir\/","title":{"rendered":"COMMERATION DU 25E ANNIVERSAIRE DU GENOCIDE RWANDAIS.  :  Exorciser les d\u00e9mons du pass\u00e9 pour mieux b\u00e2tir l\u2019avenir"},"content":{"rendered":"<p><img decoding=\"async\" class=\"post_layout_5_img\" src=\"http:\/\/lepays.bf\/wp-content\/uploads\/2019\/04\/rwanda.png\" alt=\"COMMERATION DU 25E ANNIVERSAIRE DU GENOCIDE RWANDAIS. : Exorciser les d\u00e9mons du pass\u00e9 pour mieux b\u00e2tir l\u2019avenir\"\/><\/p>\n<p class=\"c4\"><em>Le 7 avril prochain, le Rwanda comm\u00e9more le 25e anniversaire du g\u00e9nocide perp\u00e9tr\u00e9 en 1994 contre les Tutsi. Le Kwibika, comme on l\u2019appelle l\u00e0-bas au Pays des mille collines, verra la pr\u00e9sence d\u2019une trentaine de chefs d\u2019Etats et de personnalit\u00e9s internationales. L\u2019on peut noter que le pr\u00e9sident fran\u00e7ais, Emmanuel Macron, sera l\u2019un des grands absents \u00e0 ladite c\u00e9r\u00e9monie. Invit\u00e9, en effet, par l\u2019homme mince de Kigali \u00e0 y prendre part, le \u00ab\u00a0Grand chef des Blancs\u00a0\u00bb y d\u00e9p\u00eachera une d\u00e9l\u00e9gation conduite par le d\u00e9put\u00e9 d\u2019origine rwandaise, Herv\u00e9 Berville. Et l\u2019on peut ais\u00e9ment imaginer la raison pour laquelle le premier des Fran\u00e7ais ne fera pas le d\u00e9placement de Kigali. Les autorit\u00e9s rwandaises, \u00e0 commencer par Paul Kagame, ne manquent jamais l\u2019occasion de pointer la responsabilit\u00e9 de la France dans le drame que le Rwanda a connu en 1994. Et pour s\u00fbr, cela sera martel\u00e9 \u00e0 qui veut l\u2019entendre le 7 avril prochain. V\u00e9ritablement, c\u2019est un supplice moral auquel le pr\u00e9sident fran\u00e7ais ne veut pas assister. Cela dit, l\u2019histoire des Nations est parsem\u00e9e de trag\u00e9dies dont le souvenir ne peut jamais \u00eatre effac\u00e9 des m\u00e9moires individuelles et collectives, tant elles ont \u00e9t\u00e9 atroces. Le g\u00e9nocide des Tutsi en est une. Il constitue avec le g\u00e9nocide des Juifs, les deux principales d\u00e9chirures de l\u2019histoire de l\u2019humanit\u00e9 du 20e si\u00e8cle. De la m\u00eame mani\u00e8re que le monde se rappelle le g\u00e9nocide des Juifs, au point de l\u2019enseigner partout \u00e0 tous les \u00e9coliers, Paul Kagame veut que l\u2019on accorde le m\u00eame traitement au g\u00e9nocide de ses compatriotes. Et sur ce plan, l\u2019homme mince de Kigali a parfaitement raison. Et \u00e0 moins de vouloir ent\u00e9riner la th\u00e8se des racistes selon laquelle certaines races sont intrins\u00e8quement et qualitativement sup\u00e9rieures \u00e0 d\u2019autres, personne ne peut d\u00e9nier \u00e0 Kagame le droit d\u2019inviter le monde entier \u00e0 une c\u00e9r\u00e9monie solennelle de devoir de m\u00e9moire et d\u2019introspection sur ce qui s\u2019est pass\u00e9 dans son pays, un certain 7 avril 1994.<\/em><\/p>\n<p><strong>Le Rwanda pourra \u00eatre encore plus grand si Kagame inscrit sa gouvernance politique dans le paradigme de la d\u00e9mocratie<\/strong><\/p>\n<p class=\"c4\"><em>Ce jour-l\u00e0, en effet, et ce, jusqu\u2019en juillet de la m\u00eame ann\u00e9e, 800 000 Tutsi ont \u00e9t\u00e9 purement et simplement extermin\u00e9s et cela pratiquement en live, en pr\u00e9sence des arm\u00e9es du monde dit civilis\u00e9. Les extr\u00e9mistes hutu en sont les auteurs mais Paul Kagame ne veut pas que l\u2019on oublie que des pays occidentaux, en l\u2019occurrence la France, la Belgique et le Canada pour ne pas les nommer, y ont jou\u00e9 un r\u00f4le trouble. Sur ce sujet, Paul Kagame s\u2019est montr\u00e9 intraitable. Et cela lui a valu l\u2019admiration et le respect de l\u2019Afrique. Et le m\u00e9rite de l\u2019homme mince de Kigali ne se r\u00e9duit pas seulement \u00e0 cela. Il a aussi r\u00e9ussi le tour de force de remettre le Rwanda sur ses deux pieds. Et ce m\u00e9rite est d\u2019autant plus grand qu\u2019il a h\u00e9rit\u00e9 d\u2019un pays compl\u00e8tement d\u00e9structur\u00e9, o\u00f9 la haine Hutu\/Tutsi avait \u00e9t\u00e9 pratiquement \u00e9rig\u00e9e en m\u00e9thode de gouvernement. 25 ans apr\u00e8s, l\u2019homme a fait du Rwanda, un pays o\u00f9 pratiquement les clivages ethniques rel\u00e8vent d\u00e9sormais du pass\u00e9. A cela, il faut ajouter les pas de g\u00e9ant que le pays a fait en termes de progr\u00e8s \u00e9conomique, \u00e9cologique et social. On a le droit d\u2019admirer Paul Kagame ou de le vouer aux g\u00e9monies, mais il faut lui reconna\u00eetre ce m\u00e9rite. Et quelque part, l\u2019on peut dire que c\u2019est le g\u00e9nocide qui lui a donn\u00e9 la force et l\u2019\u00e9nergie qu\u2019il faut pour r\u00e9ussir le pari de la r\u00e9conciliation et de la reconstruction dans son pays. C\u2019est \u00e9galement le g\u00e9nocide qui fait que le monde dit civilis\u00e9 se garde de faire \u00e0 Paul Kagame la moindre observation sur ses d\u00e9rives en mati\u00e8re de d\u00e9mocratie et de respect des droits humains.\u00a0<\/em> <em>Cette 25e comm\u00e9moration du g\u00e9nocide des Tutsis doit \u00eatre l\u2019occasion d\u2019exorciser davantage les d\u00e9mons du pass\u00e9 pour mieux b\u00e2tir l\u2019avenir.\u00a0<\/em> <em>Et pour b\u00e2tir l\u2019avenir le mieux possible et dans la dur\u00e9e, Paul Kagame a int\u00e9r\u00eat \u00e0 int\u00e9grer dans son logiciel, que le Rwanda pourra \u00eatre encore plus grand si Kagame inscrit sa gouvernance politique dans le paradigme de la d\u00e9mocratie. Cela suppose l\u2019alternance. Malheureusement, pour Paul Kagame,\u00a0 ce mot n\u2019existe pas dans son lexique politique. Toute chose qui donne de lui, l\u2019image d\u2019un satrape.<\/em><\/p>\n<p><strong>Pousdem PICKOU<\/strong><\/p>\n<p>Auteur: Le Pays<br \/>\n<a href=\"http:\/\/lepays.bf\/commeration-du-25e-anniversaire-du-genocide-rwandais-exorciser-les-demons-du-passe-pour-mieux-batir-lavenir\/\">Cliquez ici pour lire l&rsquo;article depuis sa source.<\/a><\/p>\n","protected":false},"excerpt":{"rendered":"<p>Le 7 avril prochain, le Rwanda comm\u00e9more le 25e anniversaire du g\u00e9nocide perp\u00e9tr\u00e9 en 1994 contre les Tutsi. Le Kwibika, comme on l\u2019appelle l\u00e0-bas au Pays des mille collines, verra la pr\u00e9sence d\u2019une trentaine de chefs d\u2019Etats et de personnalit\u00e9s internationales. L\u2019on peut noter que le pr\u00e9sident fran\u00e7ais, Emmanuel Macron, sera l\u2019un des grands absents [&hellip;]<\/p>\n","protected":false},"author":1813,"featured_media":25971,"comment_status":"closed","ping_status":"closed","sticky":false,"template":"","format":"standard","meta":{"fifu_image_url":"","fifu_image_alt":"","footnotes":""},"categories":[73,81],"tags":[],"class_list":["post-25970","post","type-post","status-publish","format-standard","has-post-thumbnail","hentry","category-actualite","category-burkina-faso"],"_links":{"self":[{"href":"https:\/\/linitiative.ca\/International\/wp-json\/wp\/v2\/posts\/25970","targetHints":{"allow":["GET"]}}],"collection":[{"href":"https:\/\/linitiative.ca\/International\/wp-json\/wp\/v2\/posts"}],"about":[{"href":"https:\/\/linitiative.ca\/International\/wp-json\/wp\/v2\/types\/post"}],"author":[{"embeddable":true,"href":"https:\/\/linitiative.ca\/International\/wp-json\/wp\/v2\/users\/1813"}],"replies":[{"embeddable":true,"href":"https:\/\/linitiative.ca\/International\/wp-json\/wp\/v2\/comments?post=25970"}],"version-history":[{"count":0,"href":"https:\/\/linitiative.ca\/International\/wp-json\/wp\/v2\/posts\/25970\/revisions"}],"wp:featuredmedia":[{"embeddable":true,"href":"https:\/\/linitiative.ca\/International\/wp-json\/"}],"wp:attachment":[{"href":"https:\/\/linitiative.ca\/International\/wp-json\/wp\/v2\/media?parent=25970"}],"wp:term":[{"taxonomy":"category","embeddable":true,"href":"https:\/\/linitiative.ca\/International\/wp-json\/wp\/v2\/categories?post=25970"},{"taxonomy":"post_tag","embeddable":true,"href":"https:\/\/linitiative.ca\/International\/wp-json\/wp\/v2\/tags?post=25970"}],"curies":[{"name":"wp","href":"https:\/\/api.w.org\/{rel}","templated":true}]}}