{"id":25973,"date":"2019-04-03T18:58:41","date_gmt":"2019-04-03T22:58:41","guid":{"rendered":"https:\/\/linitiative.ca\/International\/senegal-deuxieme-mandat-pour-macky-sall\/"},"modified":"2019-04-03T18:58:41","modified_gmt":"2019-04-03T22:58:41","slug":"senegal-deuxieme-mandat-pour-macky-sall","status":"publish","type":"post","link":"https:\/\/linitiative.ca\/International\/senegal-deuxieme-mandat-pour-macky-sall\/","title":{"rendered":"S\u00e9n\u00e9gal: deuxi\u00e8me mandat pour Macky Sall"},"content":{"rendered":"<div class=\"td-post-featured-image\"><a href=\"https:\/\/i0.wp.com\/www.sidwaya.info\/wp-content\/uploads\/2019\/04\/Voyage-PF.jpg?fit=600%2C400&#038;ssl=1\" data-caption=\"\"><img loading=\"lazy\" decoding=\"async\" width=\"600\" height=\"400\" class=\"entry-thumb td-modal-image\" src=\"https:\/\/i0.wp.com\/www.sidwaya.info\/wp-content\/uploads\/2019\/04\/Voyage-PF.jpg?resize=600%2C400&#038;ssl=1\" srcset=\"https:\/\/i0.wp.com\/www.sidwaya.info\/wp-content\/uploads\/2019\/04\/Voyage-PF.jpg?w=600&#038;ssl=1 600w, https:\/\/i0.wp.com\/www.sidwaya.info\/wp-content\/uploads\/2019\/04\/Voyage-PF.jpg?resize=300%2C200&#038;ssl=1 300w\" sizes=\"auto, (max-width: 600px) 100vw, 600px\" alt=\"\" title=\"Voyage-PF\"\/><\/a><\/div>\n<div class=\"td-a-rec td-a-rec-id-content_top td_uid_30_5ca67aa698e1e_rand td_block_template_1\"><img loading=\"lazy\" decoding=\"async\" class=\"aligncenter size-full wp-image-4463\" src=\"https:\/\/www.sidwaya.info\/wp-content\/uploads\/2019\/02\/FESPACO-TOUR-2019-Bannie%CC%80re-728x90-1.jpg\" alt=\"\" width=\"728\" height=\"90\"\/><\/div>\n<p class=\"c1\"><strong>Elu pour un deuxi\u00e8me mandat \u00e0 l\u2019issue du scrutin pr\u00e9sidentiel du 24 f\u00e9vrier 2019, le pr\u00e9sident s\u00e9n\u00e9galais Macky Sall a officiellement pr\u00eat\u00e9 serment ce mardi 2 avril devant le Conseil Constitutionnel, en s\u00e9ance solennelle sp\u00e9ciale au Centre des expositions de Diamniadio, en banlieue dakaroise.<\/strong><\/p>\n<p class=\"c1\">\u00ab\u00a0Devant Dieu et devant la Nation s\u00e9n\u00e9galaise, je jure de remplir fid\u00e8lement la charge de pr\u00e9sident de la R\u00e9publique du S\u00e9n\u00e9gal\u2026\u00a0\u00bb tel a \u00e9t\u00e9 l\u2019entame du serment du chef de l\u2019Etat, qui commence la deuxi\u00e8me phase de son programme \u00ab\u00a0S\u00e9n\u00e9gal \u00e9mergent\u00a0\u00bb.<\/p>\n<p class=\"c1\">Dix-huit chefs d\u2019Etat ont fait le d\u00e9placement de Dakar, parmi lesquels Roch Marc Christian Kabor\u00e9 qui est arriv\u00e9 d\u00e8s le dimanche 31 mars 2019.<\/p>\n<p class=\"c1\">Le premier acte de la c\u00e9r\u00e9monie a \u00e9t\u00e9 la lecture de la d\u00e9cision du Conseil constitutionnel du 5 mars 2019 proclamant l\u2019\u00e9lection du candidat Macky Sall. Puis, le discours du pr\u00e9sident de l\u2019institution judiciaire, qui s\u2019est appesanti en conseils, devant son illustre assistance. Pour le pr\u00e9sident du Conseil, Pape Oumar Sakho, l\u2019\u00e9lection pr\u00e9sidentielle est un moment d\u2019introspection collective. Dans ce sens, \u00ab\u00a0le discours politique gagnerait \u00e0 s\u2019\u00e9lever \u00e0 la hauteur de la conscience citoyenne de ce peuple\u00a0\u00bb, ajoutera-t-il. Puis, d\u2019exhorter le nouveau chef de l\u2019Etat \u00e0 \u0153uvrer pour la paix, car \u00ab\u00a0la paix est \u00e0 nos Etats ce que la sant\u00e9 est aux hommes \u00bb. Il terminera son propos par des v\u0153ux de paisible et de fructueux quinquennat.<\/p>\n<p class=\"c1\">Macky a \u00e9t\u00e9 r\u00e9\u00e9lu dans des conditions confortables: 58,26% des voix, d\u00e8s le premier tour, avec un taux de participation de 66,23%. Dans son discours d\u2019investiture, il rel\u00e8vera, \u00e0 la tribune, que les observateurs nationaux internationaux ont salu\u00e9 \u00e0 l\u2019unanimit\u00e9 la bonne organisation du scrutin, et attest\u00e9 que le vote a \u00e9t\u00e9 libre et transparent. \u00ab\u00a0Le m\u00e9rite en revient au peuple s\u00e9n\u00e9galais\u00a0\u00bb, ajoutera-t-il. Il \u00e9gr\u00e8nera les acquis des sept derni\u00e8res ann\u00e9es de son premier mandat, qui a mis en place des politiques publiques fond\u00e9es sur l\u2019\u00e9quit\u00e9 et la justice sociale.<\/p>\n<p class=\"c1\">Fort des acquis engrang\u00e9s, Macky Sall entend entamer une deuxi\u00e8me phase du programme \u00ab\u00a0S\u00e9n\u00e9gal \u00e9mergent\u00a0\u00bb, pour la p\u00e9riode 2019-2024.<\/p>\n<blockquote readability=\"5\">\n<p class=\"c1\">Trois priorit\u00e9s pour Macky Sall.<\/p>\n<\/blockquote>\n<p class=\"c1\">Dans son discours d\u2019investiture, Macky Sall r\u00e9v\u00e8lera que ce programme sera ax\u00e9 sur quatre priorit\u00e9s que sont (1) la r\u00e9forme du syst\u00e8me de l\u2019\u00e9ducation, (2) une meilleure prise en compte des femmes et des filles, (3) l\u2019am\u00e9lioration du cadre de vie, la promotion d\u2019un habitat d\u00e9cent et la sauvegarde de l\u2019environnement, et (4) la r\u00e9forme de l\u2019administration. Dans le domaine de l\u2019am\u00e9lioration du service publics, toutes les actions de l\u2019Etat seront inscrites en mode \u00ab\u00a0fast-track\u00a0\u00bb, au regard des urgences.<\/p>\n<p class=\"c1\">\u00ab\u00a0L\u2019ardeur de la t\u00e2che ne doit jamais temp\u00e9rer notre d\u00e9termination \u00e0 explorer de nouveaux horizons, pour mener notre pays vers plus de progr\u00e8s et de prosp\u00e9rit\u00e9\u00a0\u00bb, mart\u00e8lera Macky Sall, avant d\u2019inviter ses compatriotes \u00e0 rester \u00ab\u00a0fid\u00e8les aux g\u00e9n\u00e9rations pass\u00e9es, et dignes des g\u00e9n\u00e9ration futures\u00a0\u00bb.<\/p>\n<p class=\"c1\"><strong>Direction de la communication de la Pr\u00e9sidence du Faso<\/strong><\/p>\n<hr\/>\n<p class=\"c2\"><strong>Dakar, une occasion de rencontres pour Roch Marc Christian Kabor\u00e9<\/strong><\/p>\n<p class=\"c1\"><strong>Avec la communaut\u00e9 burkinab\u00e8<\/strong><\/p>\n<p class=\"c1\"><strong>Roch Marc Christian Kabor\u00e9 \u00e0 la journ\u00e9e culturelle.<\/strong><\/p>\n<p class=\"c1\">Mettant \u00e0 profit son s\u00e9jour en terre s\u00e9n\u00e9galaise, le pr\u00e9sident du Faso Roch Marc Christian Kabor\u00e9 s\u2019est rendu dans l\u2019apr\u00e8s-midi du 31 mars, d\u00e8s son arriv\u00e9e, au pied du monument de la Renaissance africaine, o\u00f9 il a communi\u00e9 avec ses compatriotes, qui y tenaient, ces 30 et 31 mars, les journ\u00e9es culturelles du Burkina Faso au S\u00e9n\u00e9gal.<\/p>\n<p class=\"c1\">Organis\u00e9es par l\u2019Union fraternelle des ressortissants burkinab\u00e8 au S\u00e9n\u00e9gal, les manifestations ont consist\u00e9 en une nuit culturelle, samedi 30 mars, et en une journ\u00e9e culturelle, dimanche 31 mars, coupl\u00e9e avec la c\u00e9l\u00e9bration, en diff\u00e9r\u00e9, de la journ\u00e9e internationale de la Femme.<\/p>\n<p class=\"c1\">En faisant le d\u00e9placement, Roch Marc Christian Kabor\u00e9 entendait t\u00e9moigner sa sympathie pour ses compatriotes r\u00e9sidant au pays de la Teranga. Ils sont quelque 20 000 personnes, selon les statistiques consulaires. Prenant la parole, l\u2019ambassadeur Jacob Ou\u00e9draogo a exprim\u00e9 sa gratitude au pays d\u2019accueil, qui les re\u00e7oit si chaleureusement.<\/p>\n<p class=\"c1\">Pr\u00e9sent dans le cadre de ces journ\u00e9es, le ministre Abdoul Karim Sango a salu\u00e9 le dynamisme de la diaspora burkinab\u00e8 du S\u00e9n\u00e9gal, dont les initiatives participent au renforcement de la coop\u00e9ration culturelle entre Ouagadougou et Dakar.<\/p>\n<p class=\"c1\">Prestations musicales, avec la vedette Am\u00e9ty M\u00e9ria, mais aussi humour, avec le duo Siriki et Soukey, ont \u00e9t\u00e9 les faits marquants de la s\u00e9quence \u00e0 laquelle a assist\u00e9 le pr\u00e9sident du Faso.<\/p>\n<p class=\"c1\">La communaut\u00e9 burkinab\u00e8 au S\u00e9n\u00e9gal est une communaut\u00e9 solidaire, dont les capacit\u00e9s de mobilisations sont reconnues.<\/p>\n<hr\/>\n<p class=\"c1\"><strong>Roch Marc Christian Kabor\u00e9 s\u2019entretient avec ses homologues chefs d\u2019Etat.<\/strong><\/p>\n<p class=\"c1\"><strong>Avec l\u2019Ethiopie<\/strong><\/p>\n<p class=\"c1\">Le pr\u00e9sident du Faso a re\u00e7u en audience, le 1er avril au soir \u00e0 Dakar la pr\u00e9sidente d\u2019Ethiopie, Sahle-Work Zewde. A sa sortie d\u2019audience, le chef de l\u2019Etat \u00e9thiopien a confi\u00e9 que son pays est \u00e0 la recherche d\u2019une coop\u00e9ration plus soutenue avec la partie ouest de l\u2019Afrique, en l\u2019occurrence les pays francophones de la r\u00e9gion. \u00ab C\u2019est un maillon qui manque dans nos relations (\u2026) \u00e0 un moment o\u00f9 l\u2019Afrique avance \u00e0 grands pas vers l\u2019int\u00e9gration \u00bb souligne la pr\u00e9sidente.<\/p>\n<p class=\"c1\">Cette coop\u00e9ration pourrait toucher des domaines comme l\u2019\u00e9conomie et l\u2019artisanat, secteur qui apporte de la valeur ajout\u00e9e, et dans lequel les deux pays pourraient proc\u00e9der \u00e0 de fructueux partages d\u2019exp\u00e9rience.<\/p>\n<hr\/>\n<p class=\"c1\"><strong>Avec le Congo, le Niger, le Mali, et la Gambie<\/strong><\/p>\n<p class=\"c1\">Le pr\u00e9sident du Faso Roch Marc Christian Kabor\u00e9 a eu une s\u00e9ance de travail le 1er avril, avec son homologue congolais Denis Sassou N\u2019Guesso. Les deux chefs d\u2019Etat ont fait un tour d\u2019horizon de la coop\u00e9ration entre Brazzaville et Ouagadougou.<\/p>\n<p class=\"c1\">Il a ensuite eu des \u00e9changes, respectivement avec les pr\u00e9sidents Mahamadou Issoufou du Niger, et Ibrahim Boubacar Keita du Mali. Ces pays sont engag\u00e9s avec le Burkina Faso et la Mauritanie, dans le cadre du G5 Sahel, dont Roch Marc Christian Kabor\u00e9 assure la pr\u00e9sidence en exercice.<\/p>\n<p class=\"c1\">Un entretien avec son homologue de Gambie Adama Barrow a boucl\u00e9 le marathon diplomatique du pr\u00e9sident du Faso \u00e0 Dakar.<\/p>\n<hr\/>\n<p class=\"c1\"><strong>Roch Marc Christian Kabor\u00e9 \u00e9change avec un grand amoureux du Burkina Faso<\/strong><\/p>\n<p class=\"c1\">Le pr\u00e9sident du Faso Roch Marc Christian Kabor\u00e8 a re\u00e7u en audience dans la soir\u00e9e du 1er avril, l\u2019homme de culture s\u00e9n\u00e9galais Youssouf N\u2019Dour, par ailleurs ministre, conseiller du pr\u00e9sident Macky Sall.<\/p>\n<hr\/>\n<p class=\"c1\"><strong>Plusieurs sujets d\u2019int\u00e9r\u00eat panafricain ont \u00e9t\u00e9 abord\u00e9s par les deux hommes.<\/strong><\/p>\n<p class=\"c1\">Youssouf N\u2019Dour participe activement aux activit\u00e9s de la communaut\u00e9 burkinab\u00e8 de Dakar, quand son calendrier le lui permet. C\u2019est ainsi qu\u2019il a apport\u00e9 une importante contribution \u00e0 l\u2019organisation cette ann\u00e9e, sur l\u2019esplanade du monument de la Renaissance, des journ\u00e9es culturelles du Burkina Faso \u00e0 Dakar.<\/p>\n<p class=\"c1\"><strong>Direction de la communication de la Pr\u00e9sidence du Faso<\/strong><\/p>\n<div class=\"td-a-rec td-a-rec-id-content_bottom td_uid_31_5ca67aa699201_rand td_block_template_1\"><img loading=\"lazy\" decoding=\"async\" class=\"alignright size-full wp-image-1724\" src=\"https:\/\/www.sidwaya.info\/wp-content\/uploads\/2018\/12\/sidwaya-pub.jpg\" alt=\"\" width=\"720\" height=\"90\"\/><\/div>\n<p>Auteur: DB. Sidwaya<br \/>\n<a href=\"https:\/\/www.sidwaya.info\/blog\/2019\/04\/03\/senegal-deuxieme-mandat-pour-macky-sall\/\">Cliquez ici pour lire l&rsquo;article depuis sa source.<\/a><\/p>\n","protected":false},"excerpt":{"rendered":"<p>Elu pour un deuxi\u00e8me mandat \u00e0 l\u2019issue du scrutin pr\u00e9sidentiel du 24 f\u00e9vrier 2019, le pr\u00e9sident s\u00e9n\u00e9galais Macky Sall a officiellement pr\u00eat\u00e9 serment ce mardi 2 avril devant le Conseil Constitutionnel, en s\u00e9ance solennelle sp\u00e9ciale au Centre des expositions de Diamniadio, en banlieue dakaroise. \u00ab\u00a0Devant Dieu et devant la Nation s\u00e9n\u00e9galaise, je jure de remplir [&hellip;]<\/p>\n","protected":false},"author":1816,"featured_media":0,"comment_status":"closed","ping_status":"closed","sticky":false,"template":"","format":"standard","meta":{"fifu_image_url":"","fifu_image_alt":"","footnotes":""},"categories":[73,81],"tags":[],"class_list":["post-25973","post","type-post","status-publish","format-standard","hentry","category-actualite","category-burkina-faso"],"_links":{"self":[{"href":"https:\/\/linitiative.ca\/International\/wp-json\/wp\/v2\/posts\/25973","targetHints":{"allow":["GET"]}}],"collection":[{"href":"https:\/\/linitiative.ca\/International\/wp-json\/wp\/v2\/posts"}],"about":[{"href":"https:\/\/linitiative.ca\/International\/wp-json\/wp\/v2\/types\/post"}],"author":[{"embeddable":true,"href":"https:\/\/linitiative.ca\/International\/wp-json\/wp\/v2\/users\/1816"}],"replies":[{"embeddable":true,"href":"https:\/\/linitiative.ca\/International\/wp-json\/wp\/v2\/comments?post=25973"}],"version-history":[{"count":0,"href":"https:\/\/linitiative.ca\/International\/wp-json\/wp\/v2\/posts\/25973\/revisions"}],"wp:attachment":[{"href":"https:\/\/linitiative.ca\/International\/wp-json\/wp\/v2\/media?parent=25973"}],"wp:term":[{"taxonomy":"category","embeddable":true,"href":"https:\/\/linitiative.ca\/International\/wp-json\/wp\/v2\/categories?post=25973"},{"taxonomy":"post_tag","embeddable":true,"href":"https:\/\/linitiative.ca\/International\/wp-json\/wp\/v2\/tags?post=25973"}],"curies":[{"name":"wp","href":"https:\/\/api.w.org\/{rel}","templated":true}]}}