{"id":25977,"date":"2019-04-04T17:15:08","date_gmt":"2019-04-04T21:15:08","guid":{"rendered":"https:\/\/linitiative.ca\/International\/seera-2019-gagner-le-pari-de-la-transition-energetique\/"},"modified":"2019-04-04T17:15:08","modified_gmt":"2019-04-04T21:15:08","slug":"seera-2019-gagner-le-pari-de-la-transition-energetique","status":"publish","type":"post","link":"https:\/\/linitiative.ca\/International\/seera-2019-gagner-le-pari-de-la-transition-energetique\/","title":{"rendered":"SEERA 2019: Gagner le pari de la transition \u00e9nerg\u00e9tique"},"content":{"rendered":"<div class=\"td-post-featured-image\"><a href=\"https:\/\/i0.wp.com\/www.sidwaya.info\/wp-content\/uploads\/2019\/04\/seera05.jpg?fit=787%2C525&#038;ssl=1\" data-caption=\"\"><img loading=\"lazy\" decoding=\"async\" width=\"696\" height=\"464\" class=\"entry-thumb td-modal-image\" src=\"https:\/\/i0.wp.com\/www.sidwaya.info\/wp-content\/uploads\/2019\/04\/seera05.jpg?resize=696%2C464&#038;ssl=1\" srcset=\"https:\/\/i0.wp.com\/www.sidwaya.info\/wp-content\/uploads\/2019\/04\/seera05.jpg?w=787&#038;ssl=1 787w, https:\/\/i0.wp.com\/www.sidwaya.info\/wp-content\/uploads\/2019\/04\/seera05.jpg?resize=300%2C200&#038;ssl=1 300w, https:\/\/i0.wp.com\/www.sidwaya.info\/wp-content\/uploads\/2019\/04\/seera05.jpg?resize=768%2C512&#038;ssl=1 768w, https:\/\/i0.wp.com\/www.sidwaya.info\/wp-content\/uploads\/2019\/04\/seera05.jpg?resize=696%2C464&#038;ssl=1 696w, https:\/\/i0.wp.com\/www.sidwaya.info\/wp-content\/uploads\/2019\/04\/seera05.jpg?resize=630%2C420&#038;ssl=1 630w\" sizes=\"auto, (max-width: 696px) 100vw, 696px\" alt=\"\" title=\"seera05\"\/><\/a><\/div>\n<div class=\"td-a-rec td-a-rec-id-content_top td_uid_30_5ca67ab395fba_rand td_block_template_1\"><img loading=\"lazy\" decoding=\"async\" class=\"aligncenter size-full wp-image-4463\" src=\"https:\/\/www.sidwaya.info\/wp-content\/uploads\/2019\/02\/FESPACO-TOUR-2019-Bannie%CC%80re-728x90-1.jpg\" alt=\"\" width=\"728\" height=\"90\"\/><\/div>\n<p><strong>La IIIe \u00e9dition de la Semaine des \u00e9nergies et \u00e9nergies renouvelables d\u2019Afrique (SEERA) a ouvert ses portes le jeudi 4 avril 2019 \u00e0 Ouagadougou. Enjeux, avantages, productions et distributions de l\u2019\u00e9nergie solaire sont entre autres volets de cette rencontre.<\/strong><\/p>\n<p>Pour sa r\u00e9volution \u00e9nerg\u00e9tique, le Burkina Faso mise sur les \u00e9nergies renouvelables. Et c\u2019est dans cette optique que se tient, du 4 au 6 avril 2019 \u00e0 Ouagadougou, la Semaine des \u00e9nergies et \u00e9nergies renouvelables d\u2019Afrique (SEERA). L\u2019ouverture des travaux a eu lieu hier 4 avril avec au programme des \u00e9changes entre partenaires, des projections, et des expos\u00e9s tous en lien avec le th\u00e8me central de cette IIIe \u00e9dition qui est\u00a0: \u00abPolitique et innovations pour une transition \u00e9nerg\u00e9tique r\u00e9ussie\u00bb. Pour le Premier ministre, Christophe Joseph Marie Dabir\u00e9, pr\u00e9sident de la c\u00e9r\u00e9monie, le secteur de l\u2019\u00e9nergie est strat\u00e9gique dans le d\u00e9veloppement socio\u00e9conomique du pays. De ce fait, il a souhait\u00e9 que la SEERA soit le lieu de mutualisation des connaissances afin de r\u00e9ussir le bond vers l\u2019\u00e9nergie solaire. \u00abLes \u00e9nergies renouvelables sont une solution pour un d\u00e9veloppement durable et inclusif\u00bb, a-t-il dit. Selon le chef du gouvernement, tous les acteurs du secteur (priv\u00e9 et public) se doivent d\u2019accompagner le gouvernement dans la mise en \u0153uvre des politiques en mati\u00e8re \u00e9nerg\u00e9tique afin de soulager la forte demande d\u2019\u00e9lectricit\u00e9 des<br \/>populations.<\/p>\n<p>Une diplomatie \u00e9nerg\u00e9tique<\/p>\n<p>Dans le m\u00eame ordre d\u2019id\u00e9es, l\u2019ambassadeur du royaume du Maroc, Farhat Bouazza, a indiqu\u00e9 que son pays, qui est l\u2019invit\u00e9 d\u2019honneur, a r\u00e9ussi le d\u00e9collage vers les \u00e9nergies renouvelables du fait de l\u2019engagement des d\u00e9cideurs politiques. Le diplomate marocain a \u00e9galement r\u00e9it\u00e9r\u00e9 la disponibilit\u00e9 de son pays \u00e0 partager son exp\u00e9rience avec le Burkina Faso. \u00abLe changement climatique et la forte d\u00e9gradation de l\u2019environnement par le fait des \u00e9nergies fossiles imposent aux Etats une transition vers les \u00e9nergies renouvelables. Avec le Burkina Faso, nous allons mutualiser les connaissances pour relever les d\u00e9fis actuels et futurs\u00bb, a rassur\u00e9 M. Bouazza.<\/p>\n<p>En outre, l\u2019ambassadeur a pr\u00e9cis\u00e9 que pour que son pays soit parmi les leaders en \u00e9nergie renouvelable, un programme politique relatif \u00e0 l\u2019efficacit\u00e9 \u00e9nerg\u00e9tique a \u00e9t\u00e9 adopt\u00e9. L\u2019appui des institutions financi\u00e8res marocaines ainsi que l\u2019adoption de dispositions l\u00e9gislatives ont favoris\u00e9 la transition \u00e9nerg\u00e9tique. Pour le ministre de l\u2019Energie, Bachir Isma\u00ebl Ou\u00e9draogo, le besoin \u00e9nerg\u00e9tique au Burkina Faso est tr\u00e8s \u00e9lev\u00e9. Environ six personnes sur dix n\u2019ont pas acc\u00e8s \u00e0 l\u2019\u00e9lectricit\u00e9. En milieu rural, 80% des populations vivent dans l\u2019obscurit\u00e9. Avec la transition en cours, le ministre Ou\u00e9draogo a indiqu\u00e9 que le pays pourra, \u00e0 la longue, exporter de l\u2019\u00e9nergie. \u00abLe soleil qui, jadis, \u00e9tait consid\u00e9r\u00e9 comme une calamit\u00e9 est \u00e0 ce jour une opportunit\u00e9 de business. Avec l\u2019accompagnement de la CEDEAO, nous avons b\u00e9n\u00e9fici\u00e9 de 300 m\u00e9gawatts\u00a0; ce qui peut permettre au pays d\u2019\u00eatre exportateur \u00e0 la longue\u00bb, a fait remarquer M. Ou\u00e9draogo. Pour le parrain de la SEERA, le secr\u00e9taire ex\u00e9cutif de l\u2019Organisation du trait\u00e9 d\u2019interdiction compl\u00e8te des essais nucl\u00e9aires (OTICE), Lassina Zerbo, la question de l\u2019\u00e9nergie se pose sous forme de survie de l\u2019humanit\u00e9. Selon lui, la prise de conscience des enjeux environnementaux est \u00e0 la base de la n\u00e9cessit\u00e9 d\u2019aller aux \u00e9nergies renouvelables. \u00abL\u2019Afrique a manqu\u00e9 les r\u00e9volutions \u00e9conomiques, technologiques (\u2026) elle ne doit pas rater celle \u00e9nerg\u00e9tique\u00bb, a averti M. Zerbo. Il a recommand\u00e9, \u00e0 ce titre, que la transition \u00e9nerg\u00e9tique se fasse de fa\u00e7on diplomatique afin de mettre en place une alliance mondiale et tendre vers \u00abune \u00e9nergie de paix et de d\u00e9veloppement\u00bb.<\/p>\n<p>Wanl\u00e9 G\u00e9rard COULIBALY<\/p>\n<div class=\"td-a-rec td-a-rec-id-content_bottom td_uid_31_5ca67ab396376_rand td_block_template_1\"><img loading=\"lazy\" decoding=\"async\" class=\"alignright size-full wp-image-1724\" src=\"https:\/\/www.sidwaya.info\/wp-content\/uploads\/2018\/12\/sidwaya-pub.jpg\" alt=\"\" width=\"720\" height=\"90\"\/><\/div>\n<p>Auteur: BM. Sidwaya<br \/>\n<a href=\"https:\/\/www.sidwaya.info\/blog\/2019\/04\/04\/seera-2019-gagner-le-pari-de-la-transition-energetique\/\">Cliquez ici pour lire l&rsquo;article depuis sa source.<\/a><\/p>\n","protected":false},"excerpt":{"rendered":"<p>La IIIe \u00e9dition de la Semaine des \u00e9nergies et \u00e9nergies renouvelables d\u2019Afrique (SEERA) a ouvert ses portes le jeudi 4 avril 2019 \u00e0 Ouagadougou. Enjeux, avantages, productions et distributions de l\u2019\u00e9nergie solaire sont entre autres volets de cette rencontre. Pour sa r\u00e9volution \u00e9nerg\u00e9tique, le Burkina Faso mise sur les \u00e9nergies renouvelables. Et c\u2019est dans cette [&hellip;]<\/p>\n","protected":false},"author":1816,"featured_media":0,"comment_status":"closed","ping_status":"closed","sticky":false,"template":"","format":"standard","meta":{"fifu_image_url":"","fifu_image_alt":"","footnotes":""},"categories":[73,81],"tags":[],"class_list":["post-25977","post","type-post","status-publish","format-standard","hentry","category-actualite","category-burkina-faso"],"_links":{"self":[{"href":"https:\/\/linitiative.ca\/International\/wp-json\/wp\/v2\/posts\/25977","targetHints":{"allow":["GET"]}}],"collection":[{"href":"https:\/\/linitiative.ca\/International\/wp-json\/wp\/v2\/posts"}],"about":[{"href":"https:\/\/linitiative.ca\/International\/wp-json\/wp\/v2\/types\/post"}],"author":[{"embeddable":true,"href":"https:\/\/linitiative.ca\/International\/wp-json\/wp\/v2\/users\/1816"}],"replies":[{"embeddable":true,"href":"https:\/\/linitiative.ca\/International\/wp-json\/wp\/v2\/comments?post=25977"}],"version-history":[{"count":0,"href":"https:\/\/linitiative.ca\/International\/wp-json\/wp\/v2\/posts\/25977\/revisions"}],"wp:attachment":[{"href":"https:\/\/linitiative.ca\/International\/wp-json\/wp\/v2\/media?parent=25977"}],"wp:term":[{"taxonomy":"category","embeddable":true,"href":"https:\/\/linitiative.ca\/International\/wp-json\/wp\/v2\/categories?post=25977"},{"taxonomy":"post_tag","embeddable":true,"href":"https:\/\/linitiative.ca\/International\/wp-json\/wp\/v2\/tags?post=25977"}],"curies":[{"name":"wp","href":"https:\/\/api.w.org\/{rel}","templated":true}]}}