{"id":25981,"date":"2019-04-04T17:36:53","date_gmt":"2019-04-04T21:36:53","guid":{"rendered":"https:\/\/linitiative.ca\/International\/mathilde-zerbo-championne-des-debats-oratoires-2019\/"},"modified":"2019-04-04T17:36:53","modified_gmt":"2019-04-04T21:36:53","slug":"mathilde-zerbo-championne-des-debats-oratoires-2019","status":"publish","type":"post","link":"https:\/\/linitiative.ca\/International\/mathilde-zerbo-championne-des-debats-oratoires-2019\/","title":{"rendered":"Mathilde Zerbo, championne des \u00abd\u00e9bats oratoires\u00bb 2019"},"content":{"rendered":"<div class=\"td-post-featured-image\"><a href=\"https:\/\/i1.wp.com\/www.sidwaya.info\/wp-content\/uploads\/2019\/04\/inter05.jpg?fit=787%2C525&#038;ssl=1\" data-caption=\"\"><img loading=\"lazy\" decoding=\"async\" width=\"696\" height=\"464\" class=\"entry-thumb td-modal-image\" src=\"https:\/\/i1.wp.com\/www.sidwaya.info\/wp-content\/uploads\/2019\/04\/inter05.jpg?resize=696%2C464&#038;ssl=1\" srcset=\"https:\/\/i1.wp.com\/www.sidwaya.info\/wp-content\/uploads\/2019\/04\/inter05.jpg?w=787&#038;ssl=1 787w, https:\/\/i1.wp.com\/www.sidwaya.info\/wp-content\/uploads\/2019\/04\/inter05.jpg?resize=300%2C200&#038;ssl=1 300w, https:\/\/i1.wp.com\/www.sidwaya.info\/wp-content\/uploads\/2019\/04\/inter05.jpg?resize=768%2C512&#038;ssl=1 768w, https:\/\/i1.wp.com\/www.sidwaya.info\/wp-content\/uploads\/2019\/04\/inter05.jpg?resize=696%2C464&#038;ssl=1 696w, https:\/\/i1.wp.com\/www.sidwaya.info\/wp-content\/uploads\/2019\/04\/inter05.jpg?resize=630%2C420&#038;ssl=1 630w\" sizes=\"auto, (max-width: 696px) 100vw, 696px\" alt=\"\" title=\"inter05\"\/><\/a><\/div>\n<div class=\"td-a-rec td-a-rec-id-content_top td_uid_30_5ca67abfe8b1c_rand td_block_template_1\"><img loading=\"lazy\" decoding=\"async\" class=\"aligncenter size-full wp-image-4463\" src=\"https:\/\/www.sidwaya.info\/wp-content\/uploads\/2019\/02\/FESPACO-TOUR-2019-Bannie%CC%80re-728x90-1.jpg\" alt=\"\" width=\"728\" height=\"90\"\/><\/div>\n<p><strong>Etudiante en 5e ann\u00e9e de m\u00e9decine \u00e0 l\u2019universit\u00e9 Saint-Thomas-d\u2019Aquin, Mathilde Zerbo, \u00e2g\u00e9e de 22 ans, a \u00e9t\u00e9 sacr\u00e9e championne \u00e0 l\u2019issue de la IVe \u00e9dition du concours international des \u201cd\u00e9bats oratoires francophones\u201d, tenue du 11 au 15 mars 2019 \u00e0 Beyrouth, au Liban. Elle revient, dans cet entretien accord\u00e9 \u00e0 Sidwaya, sur les temps forts de cette comp\u00e9tition, son parcours de d\u00e9batteur professionnel et ses projets.<\/strong><\/p>\n<p>Sidwaya (S.) : Vous avez remport\u00e9, le 15 mars dernier, le premier prix des \u201cd\u00e9bats oratoires francophones\u201d \u00e0 Beyrouth au Liban. En quoi a consist\u00e9 la comp\u00e9tition ?<\/p>\n<p>Mathilde Zerbo (M.Z.) : Le principe de base de ce championnat est d\u2019opposer un gouvernement et une opposition fictifs. Nous \u00e9tions 100 candidats venant de 14 pays diff\u00e9rents. Pour les phases \u00e9liminatoires, nous avons eu trois matches avec trois th\u00e8mes diff\u00e9rents. En demi-finale, nous avons eu un th\u00e8me et en finale un autre th\u00e8me. En ce qui concerne le d\u00e9roulement des d\u00e9bats, des groupes de huit personnes ont \u00e9t\u00e9 constitu\u00e9s de mani\u00e8re al\u00e9atoire. Quand il y a une motion \u00e0 d\u00e9battre, un tirage au sort permet de repartir les candidats dans le \u201cgouvernement\u201d et dans l&rsquo;\u201dopposition\u201d. Chaque groupe dispose d\u2019une heure pour se pr\u00e9parer. Les diff\u00e9rents r\u00f4les (chef de file de l\u2019opposition, d\u00e9put\u00e9, Premier ministre, ministre, secr\u00e9taire g\u00e9n\u00e9ral du gouvernement, etc.), sont distribu\u00e9s librement \u00e0 l\u2019interne. \u201cLes concours de beaut\u00e9\u201d, \u201cLa politique de l\u2019enfant unique\u201d et \u201cCe gouvernement imposerait l\u2019exclusivit\u00e9 du droit du sol\u201d, ont \u00e9t\u00e9 les th\u00e8mes sur lesquels nous avons d\u00e9battu.<br \/>Dans un premier temps, des notes individuelle et collective sont attribu\u00e9es. En principe, chaque participant doit, \u00e0 cette \u00e9tape, se retrouver avec une note sur 100. A l\u2019issue des phases \u00e9liminatoires, un cumul de points est fait et les 16 meilleurs d\u00e9batteurs sont retenus. Le m\u00eame proc\u00e9d\u00e9 est repris au terme des demi-finales pour retenir huit personnes. Et \u00e0 la finale, un seul vainqueur est d\u00e9sign\u00e9.<\/p>\n<p>S.: Est-ce votre premi\u00e8re participation \u00e0 ce championnat ?<\/p>\n<p>M.Z.: C\u2019est ma premi\u00e8re participation au championnat international de d\u00e9bats francophones au Liban. J\u2019ai n\u00e9anmoins pris part au championnat national de d\u00e9bats oratoires en 2017. L\u2019ann\u00e9e derni\u00e8re, l\u2019\u00e9quipe de l\u2019Universit\u00e9-Saint Thomas-d\u2019Aquin (USTA) a \u00e9t\u00e9 championne et j\u2019ai \u00e9t\u00e9 meilleure oratrice du championnat national 2018.<\/p>\n<p>S.: Hormis le troph\u00e9e, avez-vous re\u00e7u des lots en nature et en esp\u00e8ces?<\/p>\n<p>M.Z.: Le premier prix des \u201cd\u00e9bats oratoires\u201d est uniquement compos\u00e9 d\u2019un troph\u00e9e et d\u2019une attestation. Il n\u2019y a aucun lot en esp\u00e8ces ou en nature. Pour ma part, cette reconnaissance internationale est bien plus importante. Ce prix est le couronnement de mes efforts, le r\u00e9sultat d\u2019un travail acharn\u00e9. De plus, le troph\u00e9e et l\u2019attestation peuvent plus tard servir autrement, notamment \u00e0 des fins professionnelles.<\/p>\n<p>S.: Avez-vous suivi une formation pr\u00e9alable pour devenir d\u00e9batteur professionnel?<\/p>\n<p>M.Z.: J\u2019ai commenc\u00e9 \u00e0 m\u2019initier aux d\u00e9bats au sein du Club des d\u00e9bats oratoires de l\u2019USTA. Cette structure repr\u00e9sente le creuset des d\u00e9batteurs de notre universit\u00e9. En plus de cette formation initiale \u00e0 l\u2019USTA, je me suis \u00e9galement form\u00e9e aupr\u00e8s d\u2019une structure de la place d\u00e9nomm\u00e9e \u201cLes d\u00e9bats oratoires\u201d. C\u2019est d\u2019ailleurs elle qui s\u2019occupe du championnat national et qui nous a accompagn\u00e9s au Liban. Je suis sortie de cette formation avec une attestation de formatrice. J\u2019organise donc r\u00e9guli\u00e8rement avec des amis des formations en dehors du cadre universitaire pour les d\u00e9batteurs amateurs ou toute personne int\u00e9ress\u00e9e. On peut, en outre, aller sur la page Facebook de ladite organisation (d\u00e9bats oratoires, ndlr), pour de plus amples informations sur les sessions de<br \/>formation.<br \/>S.: Au cours de la finale, vous avez jou\u00e9 le r\u00f4le d\u2019un leader de l\u2019opposition qui critiquait l\u2019inopportunit\u00e9 d\u2019une loi. Comptez-vous faire carri\u00e8re \u00e0 l\u2019avenir dans la politique?<\/p>\n<p>M.Z.: Je dois dire que tout au long de la comp\u00e9tition, j\u2019ai eu \u00e0 occuper plusieurs r\u00f4les. J\u2019ai \u00e9t\u00e9 chef de file de l\u2019opposition, d\u00e9put\u00e9, Premier ministre, etc. A la finale, j\u2019\u00e9tais chef de file de l\u2019opposition. Pour revenir \u00e0 votre question, la politique ne fait pas partie de mes priorit\u00e9s ou de mes centres d\u2019int\u00e9r\u00eat. Je pr\u00e9f\u00e8re la suivre de loin. Je peux peut-\u00eatre donner mon avis sur certaines questions, mais je ne m\u2019engagerai jamais en politique.<\/p>\n<p>S.: Votre quotidien a-t-il chang\u00e9 depuis votre retour triomphal de Beyrouth?<\/p>\n<p>M.Z.: Rien n\u2019a chang\u00e9, en dehors des sollicitations de la presse (rires). Je continue de mener une vie normale en famille et sur le plan acad\u00e9mique. Je vais \u00e0 mes cours, je poursuis mon stage au Centre hospitalier universitaire Yalgado-Ou\u00e9draogo.<\/p>\n<p>S.: Quels sont vos projets ?<\/p>\n<p>M.Z.: J\u2019entends m\u2019investir dans la formation des futurs d\u00e9batteurs burkinab\u00e8. J\u2019adore partager mes connaissances avec les autres, du moins pour ceux qui le d\u00e9sirent. J\u2019aimerais \u00e9galement mettre plus tard \u00e0 profit mon savoir pour des besoins professionnels ou personnels, notamment pour d\u00e9fendre une cause qui me tient \u00e0 c\u0153ur.<\/p>\n<p>Interview r\u00e9alis\u00e9e par<br \/>Aubin W. NANA<\/p>\n<div class=\"td-a-rec td-a-rec-id-content_bottom td_uid_31_5ca67abfe8dc7_rand td_block_template_1\"><img loading=\"lazy\" decoding=\"async\" class=\"alignright size-full wp-image-1724\" src=\"https:\/\/www.sidwaya.info\/wp-content\/uploads\/2018\/12\/sidwaya-pub.jpg\" alt=\"\" width=\"720\" height=\"90\"\/><\/div>\n<p>Auteur: BM. Sidwaya<br \/>\n<a href=\"https:\/\/www.sidwaya.info\/blog\/2019\/04\/04\/mathilde-zerbo-championne-des-debats-oratoires-2019\/\">Cliquez ici pour lire l&rsquo;article depuis sa source.<\/a><\/p>\n","protected":false},"excerpt":{"rendered":"<p>Etudiante en 5e ann\u00e9e de m\u00e9decine \u00e0 l\u2019universit\u00e9 Saint-Thomas-d\u2019Aquin, Mathilde Zerbo, \u00e2g\u00e9e de 22 ans, a \u00e9t\u00e9 sacr\u00e9e championne \u00e0 l\u2019issue de la IVe \u00e9dition du concours international des \u201cd\u00e9bats oratoires francophones\u201d, tenue du 11 au 15 mars 2019 \u00e0 Beyrouth, au Liban. Elle revient, dans cet entretien accord\u00e9 \u00e0 Sidwaya, sur les temps forts [&hellip;]<\/p>\n","protected":false},"author":1816,"featured_media":0,"comment_status":"closed","ping_status":"closed","sticky":false,"template":"","format":"standard","meta":{"fifu_image_url":"","fifu_image_alt":"","footnotes":""},"categories":[73,81],"tags":[],"class_list":["post-25981","post","type-post","status-publish","format-standard","hentry","category-actualite","category-burkina-faso"],"_links":{"self":[{"href":"https:\/\/linitiative.ca\/International\/wp-json\/wp\/v2\/posts\/25981","targetHints":{"allow":["GET"]}}],"collection":[{"href":"https:\/\/linitiative.ca\/International\/wp-json\/wp\/v2\/posts"}],"about":[{"href":"https:\/\/linitiative.ca\/International\/wp-json\/wp\/v2\/types\/post"}],"author":[{"embeddable":true,"href":"https:\/\/linitiative.ca\/International\/wp-json\/wp\/v2\/users\/1816"}],"replies":[{"embeddable":true,"href":"https:\/\/linitiative.ca\/International\/wp-json\/wp\/v2\/comments?post=25981"}],"version-history":[{"count":0,"href":"https:\/\/linitiative.ca\/International\/wp-json\/wp\/v2\/posts\/25981\/revisions"}],"wp:attachment":[{"href":"https:\/\/linitiative.ca\/International\/wp-json\/wp\/v2\/media?parent=25981"}],"wp:term":[{"taxonomy":"category","embeddable":true,"href":"https:\/\/linitiative.ca\/International\/wp-json\/wp\/v2\/categories?post=25981"},{"taxonomy":"post_tag","embeddable":true,"href":"https:\/\/linitiative.ca\/International\/wp-json\/wp\/v2\/tags?post=25981"}],"curies":[{"name":"wp","href":"https:\/\/api.w.org\/{rel}","templated":true}]}}