{"id":25983,"date":"2019-04-04T14:50:07","date_gmt":"2019-04-04T18:50:07","guid":{"rendered":"https:\/\/linitiative.ca\/International\/genocide-au-rwanda-macron-recoit-vendredi-une-association-oeuvrant-pour-la-memoire-et-la-justice\/"},"modified":"2019-04-04T14:50:07","modified_gmt":"2019-04-04T18:50:07","slug":"genocide-au-rwanda-macron-recoit-vendredi-une-association-oeuvrant-pour-la-memoire-et-la-justice","status":"publish","type":"post","link":"https:\/\/linitiative.ca\/International\/genocide-au-rwanda-macron-recoit-vendredi-une-association-oeuvrant-pour-la-memoire-et-la-justice\/","title":{"rendered":"G\u00e9nocide au Rwanda: Macron re\u00e7oit vendredi une association oeuvrant pour la \u00ab\u00a0m\u00e9moire\u00a0\u00bb et la \u00ab\u00a0justice\u00a0\u00bb"},"content":{"rendered":"<div readability=\"32\">\n<p>Publi\u00e9 le 04.04.2019 \u00e0 19h50 par AFP<\/p>\n<\/div>\n<div readability=\"97\">\n<p>A la veille des c\u00e9r\u00e9monies dimanche pour le 25e anniversaire du g\u00e9nocide au Rwanda, le pr\u00e9sident fran\u00e7ais Emmanuel Macron doit recevoir vendredi matin \u00e0 l\u2019Elys\u00e9e des repr\u00e9sentants de l\u2019association Ibuka France, qui oeuvre depuis des ann\u00e9es pour le \u00ab\u00a0soutien aux rescap\u00e9s\u00a0\u00bb et la \u00ab\u00a0m\u00e9moire\u00a0\u00bb.<\/p>\n<p>M. Macron pourrait \u00e9galement d\u00e9voiler vendredi la composition d\u2019un \u00ab\u00a0groupe de chercheurs\u00a0\u00bb charg\u00e9 d\u2019examiner les archives fran\u00e7aises sur la p\u00e9riode du g\u00e9nocide au Rwanda et sur la p\u00e9riode d\u2019engagement de la France au Rwanda de 1990 \u00e0 1994.<\/p>\n<p>Les zones d\u2019ombres sur le r\u00f4le de la France avant, pendant et apr\u00e8s ce g\u00e9nocide \u2013 qui fit selon l\u2019ONU au moins 800.000 morts d\u2019avril \u00e0 juillet 1994, essentiellement au sein de la minorit\u00e9 tutsi \u2013 restent une source r\u00e9currente de pol\u00e9mique en France.<\/p>\n<p>Ibuka France, fond\u00e9e en 2002, est le pendant fran\u00e7ais d\u2019Ibuka (\u00ab\u00a0Souviens toi\u00a0\u00bb), principale organisation de survivants du g\u00e9nocide au Rwanda.<\/p>\n<p>\u00ab\u00a0Ibuka \u2013 M\u00e9moire, Justice et Soutien aux rescap\u00e9s\u00a0\u00bb est une ONG oeuvrant \u00ab\u00a0pour la m\u00e9moire du g\u00e9nocide des Tutsi du Rwanda, la justice envers les responsables de crimes g\u00e9nocidaires et le soutien aux rescap\u00e9s des massacres\u00a0\u00bb, pr\u00e9cise le site internet de l\u2019association.<\/p>\n<p>Interrog\u00e9 par l\u2019AFP avant cette rencontre \u00e0 l\u2019Elys\u00e9e, Marcel Kabanda, pr\u00e9sident depuis 12 ans d\u2019Ibuka France, a d\u00e9clar\u00e9 y aller \u00ab\u00a0en toute confiance\u00a0\u00bb. \u00ab\u00a0C\u2019est bien qu\u2019un pr\u00e9sident de la R\u00e9publique s\u2019int\u00e9resse \u00e0 nous, surtout dans le contexte de la comm\u00e9moration de ce 25\u00e8me anniversaire. C\u2019est un signe positif\u00a0\u00bb.<\/p>\n<p><ins data-revive-zoneid=\"9\" data-revive-id=\"10111e19d28d19d031742ee3b0b33eb0\"\/> <\/p>\n<p>\u00ab\u00a0Nous esp\u00e9rons que cette rencontre traduira une volont\u00e9 de changement\u00a0\u00bb dans l\u2019attitude de l\u2019Etat fran\u00e7ais, en particulier sur la \u00ab\u00a0prise en compte de cette m\u00e9moire\u00a0\u00bb et vers \u00ab\u00a0davantage d\u2019investissement dans la recherche des g\u00e9nocidaires et de la v\u00e9rit\u00e9\u00a0\u00bb, a-t-il relev\u00e9.<\/p>\n<p>Pour M. Kabanda, il faut \u00ab\u00a0avoir le courage d\u2019ouvrir les fameuses bo\u00eetes des archives\u00a0\u00bb fran\u00e7aises. \u00ab\u00a0Il faut tout montrer, cela apaisera les esprits et les interrogations\u00a0\u00bb, a-t-il estim\u00e9.<\/p>\n<p>Parmi les points les plus disput\u00e9s figurent l\u2019ampleur de l\u2019assistance militaire apport\u00e9e par la France au r\u00e9gime du pr\u00e9sident rwandais hutu Juv\u00e9nal Habyarimana de 1990 \u00e0 1994 et les circonstances de l\u2019attentat qui co\u00fbta la vie \u00e0 ce m\u00eame pr\u00e9sident le 6 avril 1994, \u00e9l\u00e9ment d\u00e9clencheur du g\u00e9nocide.<\/p>\n<p>Convi\u00e9 tr\u00e8s officiellement par son homologue rwandais Paul Kagame, M. Macron sera le grand absent des c\u00e9r\u00e9monies de comm\u00e9moration du g\u00e9nocide \u00e0 Kigali dimanche. Il a finalement d\u00e9clin\u00e9 l\u2019invitation en invoquant des probl\u00e8mes d\u2019agenda.<\/p>\n<p>Le pr\u00e9sident d\u00e9p\u00eachera aux comm\u00e9morations le d\u00e9put\u00e9 Herv\u00e9 Berville, orphelin tutsi rwandais adopt\u00e9 par une famille fran\u00e7aise en 1994.<\/p>\n<\/div>\n<p>Auteur: AFP<br \/>\n<a href=\"https:\/\/www.journalducameroun.com\/fr\/genocide-au-rwanda-macron-recoit-vendredi-une-association-oeuvrant-pour-la-memoire-et-la-justice\/\">Cliquez ici pour lire l&rsquo;article depuis sa source.<\/a><\/p>\n","protected":false},"excerpt":{"rendered":"<p>Publi\u00e9 le 04.04.2019 \u00e0 19h50 par AFP A la veille des c\u00e9r\u00e9monies dimanche pour le 25e anniversaire du g\u00e9nocide au Rwanda, le pr\u00e9sident fran\u00e7ais Emmanuel Macron doit recevoir vendredi matin \u00e0 l\u2019Elys\u00e9e des repr\u00e9sentants de l\u2019association Ibuka France, qui oeuvre depuis des ann\u00e9es pour le \u00ab\u00a0soutien aux rescap\u00e9s\u00a0\u00bb et la \u00ab\u00a0m\u00e9moire\u00a0\u00bb. M. Macron pourrait \u00e9galement [&hellip;]<\/p>\n","protected":false},"author":1965,"featured_media":0,"comment_status":"closed","ping_status":"closed","sticky":false,"template":"","format":"standard","meta":{"fifu_image_url":"","fifu_image_alt":"","footnotes":""},"categories":[73,82],"tags":[],"class_list":["post-25983","post","type-post","status-publish","format-standard","hentry","category-actualite","category-cameroun"],"_links":{"self":[{"href":"https:\/\/linitiative.ca\/International\/wp-json\/wp\/v2\/posts\/25983","targetHints":{"allow":["GET"]}}],"collection":[{"href":"https:\/\/linitiative.ca\/International\/wp-json\/wp\/v2\/posts"}],"about":[{"href":"https:\/\/linitiative.ca\/International\/wp-json\/wp\/v2\/types\/post"}],"author":[{"embeddable":true,"href":"https:\/\/linitiative.ca\/International\/wp-json\/wp\/v2\/users\/1965"}],"replies":[{"embeddable":true,"href":"https:\/\/linitiative.ca\/International\/wp-json\/wp\/v2\/comments?post=25983"}],"version-history":[{"count":0,"href":"https:\/\/linitiative.ca\/International\/wp-json\/wp\/v2\/posts\/25983\/revisions"}],"wp:attachment":[{"href":"https:\/\/linitiative.ca\/International\/wp-json\/wp\/v2\/media?parent=25983"}],"wp:term":[{"taxonomy":"category","embeddable":true,"href":"https:\/\/linitiative.ca\/International\/wp-json\/wp\/v2\/categories?post=25983"},{"taxonomy":"post_tag","embeddable":true,"href":"https:\/\/linitiative.ca\/International\/wp-json\/wp\/v2\/tags?post=25983"}],"curies":[{"name":"wp","href":"https:\/\/api.w.org\/{rel}","templated":true}]}}