{"id":25984,"date":"2019-04-04T15:18:03","date_gmt":"2019-04-04T19:18:03","guid":{"rendered":"https:\/\/linitiative.ca\/International\/uemoa-hausse-du-taux-debiteur-des-banques-en-janvier\/"},"modified":"2019-04-04T15:18:03","modified_gmt":"2019-04-04T19:18:03","slug":"uemoa-hausse-du-taux-debiteur-des-banques-en-janvier","status":"publish","type":"post","link":"https:\/\/linitiative.ca\/International\/uemoa-hausse-du-taux-debiteur-des-banques-en-janvier\/","title":{"rendered":"UEMOA : Hausse du taux d\u00e9biteur des banques en janvier"},"content":{"rendered":"<div readability=\"32\">\n<p>Publi\u00e9 le 04.04.2019 \u00e0 20h18 par APA News<\/p>\n<\/div>\n<div readability=\"70\">\n<p>Le taux d\u00e9biteur moyen, hors taxes et charges appliqu\u00e9 par les banques de l\u2019Union \u00e9conomique et mon\u00e9taire ouest africaine (UEMOA) \u00e0 leur client\u00e8le \u00e0 fin janvier 2019 a enregistr\u00e9 une hausse de 34 points de base pdb, a appris jeudi APA aupr\u00e8s de la Banque Centrale des Etats de l\u2019Afrique de l\u2019Ouest (BCEAO).Ce taux d\u00e9biteur\u00a0est ressorti \u00e0 7,1% apr\u00e8s 6,8% en d\u00e9cembre 2018.<\/p>\n<p>L\u2019institut d\u2019\u00e9mission pr\u00e9cise toutefois que suivant la nature du d\u00e9biteur, les taux d\u2019int\u00e9r\u00eat ont augment\u00e9 diff\u00e9remment. Ainsi, au niveau des concours accord\u00e9s aux entreprises individuelles ils ont \u00e9volu\u00e9 de plus 76,4 pdb, plus 55,5 pdb au niveau des particuliers, plus 20,3 pdb\u00a0 au niveau des entreprises priv\u00e9es du secteur productif et 15 pdb au niveau de la client\u00e8le financi\u00e8re.\u00a0<\/p>\n<p>En revanche, le co\u00fbt du cr\u00e9dit a baiss\u00e9 de 36,9 pdb pour les avances aux soci\u00e9t\u00e9s d\u2019Etat et \u00e9tablissements publics \u00e0 caract\u00e8re industriel et commercial (EPIC).<\/p>\n<p><ins data-revive-zoneid=\"9\" data-revive-id=\"10111e19d28d19d031742ee3b0b33eb0\"\/> <\/p>\n<p>L\u2019analyse suivant l\u2019objet du cr\u00e9dit indique une hausse des taux d\u00e9biteurs relatifs aux cr\u00e9dits de consommation (plus 70,4 pdb), d\u2019\u00e9quipement (plus 61,3 pdb), d\u2019habitation (plus 59,2 pdb) et de tr\u00e9sorerie (plus 8,3 pdb).\u00a0<\/p>\n<p>La baisse enregistr\u00e9e au niveau des cr\u00e9dits d\u2019exportation (moins 92,7pdb) a amoindri le profil haussier des taux d\u00e9biteurs au cours de la p\u00e9riode sous revue.<\/p>\n<\/div>\n<p>Auteur: APA News<br \/>\n<a href=\"https:\/\/www.journalducameroun.com\/fr\/uemoa-hausse-du-taux-debiteur-des-banques-en-janvier\/\">Cliquez ici pour lire l&rsquo;article depuis sa source.<\/a><\/p>\n","protected":false},"excerpt":{"rendered":"<p>Publi\u00e9 le 04.04.2019 \u00e0 20h18 par APA News Le taux d\u00e9biteur moyen, hors taxes et charges appliqu\u00e9 par les banques de l\u2019Union \u00e9conomique et mon\u00e9taire ouest africaine (UEMOA) \u00e0 leur client\u00e8le \u00e0 fin janvier 2019 a enregistr\u00e9 une hausse de 34 points de base pdb, a appris jeudi APA aupr\u00e8s de la Banque Centrale des [&hellip;]<\/p>\n","protected":false},"author":1965,"featured_media":0,"comment_status":"closed","ping_status":"closed","sticky":false,"template":"","format":"standard","meta":{"fifu_image_url":"","fifu_image_alt":"","footnotes":""},"categories":[73,82],"tags":[],"class_list":["post-25984","post","type-post","status-publish","format-standard","hentry","category-actualite","category-cameroun"],"_links":{"self":[{"href":"https:\/\/linitiative.ca\/International\/wp-json\/wp\/v2\/posts\/25984","targetHints":{"allow":["GET"]}}],"collection":[{"href":"https:\/\/linitiative.ca\/International\/wp-json\/wp\/v2\/posts"}],"about":[{"href":"https:\/\/linitiative.ca\/International\/wp-json\/wp\/v2\/types\/post"}],"author":[{"embeddable":true,"href":"https:\/\/linitiative.ca\/International\/wp-json\/wp\/v2\/users\/1965"}],"replies":[{"embeddable":true,"href":"https:\/\/linitiative.ca\/International\/wp-json\/wp\/v2\/comments?post=25984"}],"version-history":[{"count":0,"href":"https:\/\/linitiative.ca\/International\/wp-json\/wp\/v2\/posts\/25984\/revisions"}],"wp:attachment":[{"href":"https:\/\/linitiative.ca\/International\/wp-json\/wp\/v2\/media?parent=25984"}],"wp:term":[{"taxonomy":"category","embeddable":true,"href":"https:\/\/linitiative.ca\/International\/wp-json\/wp\/v2\/categories?post=25984"},{"taxonomy":"post_tag","embeddable":true,"href":"https:\/\/linitiative.ca\/International\/wp-json\/wp\/v2\/tags?post=25984"}],"curies":[{"name":"wp","href":"https:\/\/api.w.org\/{rel}","templated":true}]}}