{"id":25986,"date":"2019-04-04T16:50:01","date_gmt":"2019-04-04T20:50:01","guid":{"rendered":"https:\/\/linitiative.ca\/International\/la-russie-et-la-syrie-ont-retrouve-le-corps-du-soldat-israelien-disparu-depuis-1982\/"},"modified":"2019-04-04T16:50:01","modified_gmt":"2019-04-04T20:50:01","slug":"la-russie-et-la-syrie-ont-retrouve-le-corps-du-soldat-israelien-disparu-depuis-1982","status":"publish","type":"post","link":"https:\/\/linitiative.ca\/International\/la-russie-et-la-syrie-ont-retrouve-le-corps-du-soldat-israelien-disparu-depuis-1982\/","title":{"rendered":"La Russie et la Syrie ont retrouv\u00e9 le corps du soldat isra\u00e9lien disparu depuis 1982"},"content":{"rendered":"<div readability=\"32\">\n<p>Publi\u00e9 le 04.04.2019 \u00e0 21h50 par AFP<\/p>\n<\/div>\n<div readability=\"91\">\n<p>La Russie, avec l\u2019aide de la Syrie, a retrouv\u00e9 le corps d\u2019un soldat isra\u00e9lien port\u00e9 disparu depuis la guerre du Liban de 1982 et compte le remettre \u00e0 Isra\u00ebl jeudi afin qu\u2019il soit inhum\u00e9, a annonc\u00e9 Vladimir Poutine.<\/p>\n<p>L\u2019arm\u00e9e isra\u00e9lienne avait annonc\u00e9 mercredi avoir retrouv\u00e9 lors d\u2019une op\u00e9ration men\u00e9e dans la plus grande discr\u00e9tion, presque 37 ans apr\u00e8s sa disparition, le corps de Zachary Baumel.<\/p>\n<p>Le Premier ministre isra\u00e9lien Benjamin Netanyahu s\u2019est rendu jeudi \u00e0 Moscou pour s\u2019entretenir avec le pr\u00e9sident russe, cinq jours avant des l\u00e9gislatives isra\u00e9liennes \u00e0 l\u2019issue incertaine. Lors de la rencontre au Kremlin, il a lev\u00e9 le voile sur une partie du myst\u00e8re.<\/p>\n<p>De son c\u00f4t\u00e9, Vladimir Poutine a expliqu\u00e9 que \u00ab\u00a0nos militaires, avec nos partenaires syriens, ont d\u00e9termin\u00e9 le lieu de l\u2019inhumation\u00a0\u00bb.<\/p>\n<p>\u00ab\u00a0Toutes les expertises ont \u00e9t\u00e9 men\u00e9, les restes sont chez nous, et en vertu des traditions militaires, avec votre participation, nous enverrons les restes en Isra\u00ebl\u00a0\u00bb, a ajout\u00e9 M. Poutine.<\/p>\n<p>Cette version contredit cependant celle de l\u2019arm\u00e9e isra\u00e9lienne qui avait indiqu\u00e9 que le corps avait \u00e9t\u00e9 rapatri\u00e9 depuis plusieurs jours au terme d\u2019une op\u00e9ration baptis\u00e9e \u00ab\u00a0Chanson douce am\u00e8re\u00a0\u00bb.<\/p>\n<p><ins data-revive-zoneid=\"9\" data-revive-id=\"10111e19d28d19d031742ee3b0b33eb0\"\/> <\/p>\n<p>Zachary Baumel, commandant de char du 362e bataillon blind\u00e9, \u00e9tait port\u00e9 disparu depuis la bataille de Sultan Yacoub contre l\u2019arm\u00e9e syrienne dans la plaine de la Bekaa, pr\u00e8s de la fronti\u00e8re syrienne, entre le 10 et le 11 juin 1982.<\/p>\n<p>Deux autres soldats, Yehuda Katz et Zvi Feldman, manquent toujours \u00e0 l\u2019appel depuis.<\/p>\n<p>Ils font partie de la m\u00e9moire collective dans un pays coutumier des guerres et o\u00f9 le retour des soldats tomb\u00e9s au combat ou des prisonniers est consid\u00e9r\u00e9 comme un imp\u00e9ratif moral.<\/p>\n<p>M. Netanyahu a expliqu\u00e9 avoir demand\u00e9 \u00e0 la Russie son aide il y a deux ans et a pr\u00e9cis\u00e9 que les fun\u00e9railles auraient lieu d\u00e8s jeudi soir en Isra\u00ebl \u00ab\u00a0en pr\u00e9sence de sa famille et de ses amis\u00a0\u00bb.<\/p>\n<p>\u00ab\u00a0Nous sommes tr\u00e8s contents qu\u2019il puisse recevoir tous les honneurs militaires n\u00e9cessaires, et que ses proches puissent apporter des fleurs sur sa tombe\u00a0\u00bb, s\u2019est f\u00e9licit\u00e9 Vladimir Poutine.<\/p>\n<\/div>\n<p>Auteur: AFP<br \/>\n<a href=\"https:\/\/www.journalducameroun.com\/fr\/la-russie-et-la-syrie-ont-retrouve-le-corps-du-soldat-israelien-disparu-depuis-1982\/\">Cliquez ici pour lire l&rsquo;article depuis sa source.<\/a><\/p>\n","protected":false},"excerpt":{"rendered":"<p>Publi\u00e9 le 04.04.2019 \u00e0 21h50 par AFP La Russie, avec l\u2019aide de la Syrie, a retrouv\u00e9 le corps d\u2019un soldat isra\u00e9lien port\u00e9 disparu depuis la guerre du Liban de 1982 et compte le remettre \u00e0 Isra\u00ebl jeudi afin qu\u2019il soit inhum\u00e9, a annonc\u00e9 Vladimir Poutine. L\u2019arm\u00e9e isra\u00e9lienne avait annonc\u00e9 mercredi avoir retrouv\u00e9 lors d\u2019une op\u00e9ration [&hellip;]<\/p>\n","protected":false},"author":1965,"featured_media":0,"comment_status":"closed","ping_status":"closed","sticky":false,"template":"","format":"standard","meta":{"fifu_image_url":"","fifu_image_alt":"","footnotes":""},"categories":[73,82],"tags":[],"class_list":["post-25986","post","type-post","status-publish","format-standard","hentry","category-actualite","category-cameroun"],"_links":{"self":[{"href":"https:\/\/linitiative.ca\/International\/wp-json\/wp\/v2\/posts\/25986","targetHints":{"allow":["GET"]}}],"collection":[{"href":"https:\/\/linitiative.ca\/International\/wp-json\/wp\/v2\/posts"}],"about":[{"href":"https:\/\/linitiative.ca\/International\/wp-json\/wp\/v2\/types\/post"}],"author":[{"embeddable":true,"href":"https:\/\/linitiative.ca\/International\/wp-json\/wp\/v2\/users\/1965"}],"replies":[{"embeddable":true,"href":"https:\/\/linitiative.ca\/International\/wp-json\/wp\/v2\/comments?post=25986"}],"version-history":[{"count":0,"href":"https:\/\/linitiative.ca\/International\/wp-json\/wp\/v2\/posts\/25986\/revisions"}],"wp:attachment":[{"href":"https:\/\/linitiative.ca\/International\/wp-json\/wp\/v2\/media?parent=25986"}],"wp:term":[{"taxonomy":"category","embeddable":true,"href":"https:\/\/linitiative.ca\/International\/wp-json\/wp\/v2\/categories?post=25986"},{"taxonomy":"post_tag","embeddable":true,"href":"https:\/\/linitiative.ca\/International\/wp-json\/wp\/v2\/tags?post=25986"}],"curies":[{"name":"wp","href":"https:\/\/api.w.org\/{rel}","templated":true}]}}