{"id":25989,"date":"2019-04-04T17:50:01","date_gmt":"2019-04-04T21:50:01","guid":{"rendered":"https:\/\/linitiative.ca\/International\/niger-88-civils-tues-et-18-000-deplaces-par-boko-haram-en-un-mois\/"},"modified":"2019-04-04T17:50:01","modified_gmt":"2019-04-04T21:50:01","slug":"niger-88-civils-tues-et-18-000-deplaces-par-boko-haram-en-un-mois","status":"publish","type":"post","link":"https:\/\/linitiative.ca\/International\/niger-88-civils-tues-et-18-000-deplaces-par-boko-haram-en-un-mois\/","title":{"rendered":"Niger: 88 civils tu\u00e9s et 18.000 d\u00e9plac\u00e9s par Boko Haram en un mois"},"content":{"rendered":"<div readability=\"32\">\n<p>Publi\u00e9 le 04.04.2019 \u00e0 22h50 par AFP<\/p>\n<\/div>\n<div readability=\"101\">\n<p>Quatre-vingt-huit civils ont \u00e9t\u00e9 tu\u00e9s dans le sud-est du Niger dans des attaques du groupe jihadiste Boko Haram, qui ont contraint plus de 18.000 personnes \u00e0 fuir leurs villages dans le seul mois de mars 2019, a indiqu\u00e9 jeudi l\u2019ONU.<\/p>\n<p>\u00ab\u00a0Vingt-et-une attaques contre des civils et les forces militaires ont \u00e9t\u00e9 enregistr\u00e9es dans la r\u00e9gion en mars 2019, avec un bilan de 88 morts parmi les civils\u00a0\u00bb, selon une note du Bureau des affaires humanitaires des Nations unies (Ocha) \u00e0 Niamey, transmise \u00e0 l\u2019AFP.<\/p>\n<p>Ces attaques ont provoqu\u00e9 \u00ab\u00a0un mouvement de 18.480 personnes en direction de la ville de Diffa (capitale r\u00e9gionale) et quelques grands villages\u00a0\u00bb, souligne l\u2019agence onusienne.<\/p>\n<p>\u00ab\u00a0Les populations continuent d\u2019arriver sur les diff\u00e9rents sites\u00a0\u00bb, s\u2019alarme Ocha, qui pointe \u00ab\u00a0une d\u00e9t\u00e9rioration rapide de la situation s\u00e9curitaire\u00a0\u00bb dans la r\u00e9gion de Diffa, riveraine du bassin du lac Tchad (\u00e0 cheval entre le Niger, le Nigeria, le Cameroun et le Tchad) et proche du nord-est du Nigeria, le berceau de Boko Haram.<\/p>\n<p>Ces raids in\u00e9dits des insurg\u00e9s nig\u00e9rians ont \u00e9galement fait des victimes militaires. Une centaine d\u2019habitations ont \u00e9t\u00e9 incendi\u00e9es et plusieurs femmes enlev\u00e9es, selon les autorit\u00e9s locales.<\/p>\n<p>La semaine pass\u00e9e, des parlementaires de Diffa ont affirm\u00e9 avoir exprim\u00e9 au pr\u00e9sident nig\u00e9rien, Mahamadou Issoufou, leurs inqui\u00e9tudes au sujet des derni\u00e8res attaques du groupe islamiste.<\/p>\n<p><ins data-revive-zoneid=\"9\" data-revive-id=\"10111e19d28d19d031742ee3b0b33eb0\"\/> <\/p>\n<p>\u00ab\u00a0De fa\u00e7on g\u00e9n\u00e9rale, il faut qu\u2019il y ait une pr\u00e9sence (militaire) plus visible de nuit comme de jour qui tranquillisera les populations\u00a0\u00bb, prises de \u00ab\u00a0panique\u00a0\u00bb, avait d\u00e9clar\u00e9 \u00e0 l\u2019AFP Lamido Moumouni, un des \u00e9lus.<\/p>\n<p>\u00ab\u00a0Vos victoires et vos succ\u00e8s r\u00e9cents (contre Boko Haram) commandent \u00e0 tous d\u2019\u00eatre optimistes sur une issue proche de cette \u00e9preuve que nous imposent des hors-la-loi\u00a0\u00bb, avait assur\u00e9 jeudi dernier Kalla Moutari, le ministre nig\u00e9rien de la D\u00e9fense, devant des soldats de N\u2019Guigmi, ville garnison, secou\u00e9e le 26 mars par un attentat suicide et une attaque de Boko Haram, qui a fait 13 morts.<\/p>\n<p>L\u2019arm\u00e9e nig\u00e9rienne multiplie les op\u00e9rations a\u00e9riennes et terrestres, mais ne parvient pas \u00e0 contenir les assauts des jihadistes retranch\u00e9s dans des zones mar\u00e9cageuses du lac Tchad.<\/p>\n<p>L\u2019insurrection de Boko Haram (dont le nom signifie \u00ab\u00a0l\u2019\u00e9cole occidentale est un p\u00e9ch\u00e9\u00a0\u00bb), qui a d\u00e9but\u00e9 en 2009 dans le nord-est du Nigeria, a fait plus de 27.000 morts et 1,8 million de d\u00e9plac\u00e9s dans ce pays, et a gagn\u00e9 le Niger, le Tchad et le Cameroun voisins.<\/p>\n<\/div>\n<p>Auteur: AFP<br \/>\n<a href=\"https:\/\/www.journalducameroun.com\/fr\/niger-88-civils-tues-et-18-000-deplaces-par-boko-haram-en-un-mois\/\">Cliquez ici pour lire l&rsquo;article depuis sa source.<\/a><\/p>\n","protected":false},"excerpt":{"rendered":"<p>Publi\u00e9 le 04.04.2019 \u00e0 22h50 par AFP Quatre-vingt-huit civils ont \u00e9t\u00e9 tu\u00e9s dans le sud-est du Niger dans des attaques du groupe jihadiste Boko Haram, qui ont contraint plus de 18.000 personnes \u00e0 fuir leurs villages dans le seul mois de mars 2019, a indiqu\u00e9 jeudi l\u2019ONU. \u00ab\u00a0Vingt-et-une attaques contre des civils et les forces [&hellip;]<\/p>\n","protected":false},"author":1965,"featured_media":0,"comment_status":"closed","ping_status":"closed","sticky":false,"template":"","format":"standard","meta":{"fifu_image_url":"","fifu_image_alt":"","footnotes":""},"categories":[73,82],"tags":[],"class_list":["post-25989","post","type-post","status-publish","format-standard","hentry","category-actualite","category-cameroun"],"_links":{"self":[{"href":"https:\/\/linitiative.ca\/International\/wp-json\/wp\/v2\/posts\/25989","targetHints":{"allow":["GET"]}}],"collection":[{"href":"https:\/\/linitiative.ca\/International\/wp-json\/wp\/v2\/posts"}],"about":[{"href":"https:\/\/linitiative.ca\/International\/wp-json\/wp\/v2\/types\/post"}],"author":[{"embeddable":true,"href":"https:\/\/linitiative.ca\/International\/wp-json\/wp\/v2\/users\/1965"}],"replies":[{"embeddable":true,"href":"https:\/\/linitiative.ca\/International\/wp-json\/wp\/v2\/comments?post=25989"}],"version-history":[{"count":0,"href":"https:\/\/linitiative.ca\/International\/wp-json\/wp\/v2\/posts\/25989\/revisions"}],"wp:attachment":[{"href":"https:\/\/linitiative.ca\/International\/wp-json\/wp\/v2\/media?parent=25989"}],"wp:term":[{"taxonomy":"category","embeddable":true,"href":"https:\/\/linitiative.ca\/International\/wp-json\/wp\/v2\/categories?post=25989"},{"taxonomy":"post_tag","embeddable":true,"href":"https:\/\/linitiative.ca\/International\/wp-json\/wp\/v2\/tags?post=25989"}],"curies":[{"name":"wp","href":"https:\/\/api.w.org\/{rel}","templated":true}]}}